{"id":1202,"date":"2014-03-18T20:23:05","date_gmt":"2014-03-18T19:23:05","guid":{"rendered":"http:\/\/krzys.zielonka.pl\/?p=1202"},"modified":"2014-03-31T15:21:44","modified_gmt":"2014-03-31T13:21:44","slug":"30-marca-akcja-honorowego-krwiodawstwa","status":"publish","type":"post","link":"https:\/\/krzys.zielonka.pl\/?p=1202","title":{"rendered":"30 marca: akcja honorowego krwiodawstwa!"},"content":{"rendered":"<p><a style=\"text-align: justify;\" href=\"http:\/\/krzys.zielonka.pl\/wp-content\/uploads\/2013\/11\/khdk1.jpg\"><img loading=\"lazy\" decoding=\"async\" class=\"alignleft size-full wp-image-1044\" title=\"khdk\" src=\"http:\/\/krzys.zielonka.pl\/wp-content\/uploads\/2013\/11\/khdk1.jpg\" alt=\"\" width=\"115\" height=\"80\" \/><\/a><\/p>\n<p style=\"text-align: justify;\">Klub Honorowych Dawc\u00f3w Krwi \u201eKrzy\u015b\u201d serdecznie zaprasza do czynnego udzia\u0142u w akcji honorowego oddawania krwi, kt\u00f3ra odb\u0119dzie si\u0119 w najbli\u017csz\u0105 niedziel\u0119,\u00a0<strong>30 marca<\/strong>, w go\u015bcinnych murach\u00a0<strong>Miejskie<\/strong>go\u00a0<strong>Gimnazjum im. Stefana Kardyna\u0142a Wyszy\u0144skiego w Zielonce (ul. \u0141ukasi\u0144skiego 1\/3) w godz. 10 \u2013 14<\/strong>. Rejestracja dawc\u00f3w jest prowadzona do godz. 13.30!!\u00a0Zach\u0119camy do przekazania tej informacji swoim bliskim oraz znajomym, by r\u00f3wnie\u017c przy\u0142\u0105czyli si\u0119 do akcji.<br \/>\n<strong>! Nale\u017cy mie\u0107 ze sob\u0105 dokument ze zdj\u0119ciem i numerem PESEL<\/strong>.<br \/>\n<!--more--><\/p>\n<p style=\"text-align: justify;\"><span style=\"text-decoration: underline;\">Przed oddaniem krwi<\/span>:<br \/>\n\u2013 nale\u017cy zje\u015b\u0107 lekkostrawny posi\u0142ek oraz zadba\u0107 o odpowiednie nawodnienie organizmu,<br \/>\n\u2013 nie wolno spo\u017cywa\u0107 alkoholu ani innych substancji zmieniaj\u0105cych nastr\u00f3j,<br \/>\n\u2013 nale\u017cy ograniczy\u0107 palenie papieros\u00f3w.<\/p>\n<p style=\"text-align: justify;\"><strong>UWAGA!<\/strong> Przypominamy, \u017ce jest to ostatnia akcja, na kt\u00f3r\u0105 s\u0105 wysy\u0142ane zaproszenia &#8220;kopertowe&#8221;. Od maja b\u0119dzie do dyspozycji powiadomienie SMS, mailowe lub przez Google+<\/p>\n<p>&nbsp;<\/p>\n","protected":false},"excerpt":{"rendered":"<p>Klub Honorowych Dawc\u00f3w Krwi \u201eKrzy\u015b\u201d serdecznie zaprasza do czynnego udzia\u0142u w akcji honorowego oddawania krwi, kt\u00f3ra odb\u0119dzie si\u0119 w najbli\u017csz\u0105 niedziel\u0119,\u00a030 marca, w go\u015bcinnych murach\u00a0Miejskiego\u00a0Gimnazjum im. Stefana Kardyna\u0142a Wyszy\u0144skiego w Zielonce (ul. \u0141ukasi\u0144skiego 1\/3) w godz. 10 \u2013 14. Rejestracja dawc\u00f3w jest prowadzona do godz. 13.30!!\u00a0Zach\u0119camy do przekazania tej informacji \u2026 <a class=\"continue-reading-link\" href=\"https:\/\/krzys.zielonka.pl\/?p=1202\"> Continue reading <span class=\"meta-nav\">&rarr; <\/span><\/a><\/p>\n","protected":false},"author":2,"featured_media":0,"comment_status":"open","ping_status":"closed","sticky":false,"template":"","format":"standard","meta":{"ngg_post_thumbnail":0,"footnotes":""},"categories":[1],"tags":[],"class_list":["post-1202","post","type-post","status-publish","format-standard","hentry","category-bez-kategorii"],"_links":{"self":[{"href":"https:\/\/krzys.zielonka.pl\/index.php?rest_route=\/wp\/v2\/posts\/1202","targetHints":{"allow":["GET"]}}],"collection":[{"href":"https:\/\/krzys.zielonka.pl\/index.php?rest_route=\/wp\/v2\/posts"}],"about":[{"href":"https:\/\/krzys.zielonka.pl\/index.php?rest_route=\/wp\/v2\/types\/post"}],"author":[{"embeddable":true,"href":"https:\/\/krzys.zielonka.pl\/index.php?rest_route=\/wp\/v2\/users\/2"}],"replies":[{"embeddable":true,"href":"https:\/\/krzys.zielonka.pl\/index.php?rest_route=%2Fwp%2Fv2%2Fcomments&post=1202"}],"version-history":[{"count":4,"href":"https:\/\/krzys.zielonka.pl\/index.php?rest_route=\/wp\/v2\/posts\/1202\/revisions"}],"predecessor-version":[{"id":1209,"href":"https:\/\/krzys.zielonka.pl\/index.php?rest_route=\/wp\/v2\/posts\/1202\/revisions\/1209"}],"wp:attachment":[{"href":"https:\/\/krzys.zielonka.pl\/index.php?rest_route=%2Fwp%2Fv2%2Fmedia&parent=1202"}],"wp:term":[{"taxonomy":"category","embeddable":true,"href":"https:\/\/krzys.zielonka.pl\/index.php?rest_route=%2Fwp%2Fv2%2Fcategories&post=1202"},{"taxonomy":"post_tag","embeddable":true,"href":"https:\/\/krzys.zielonka.pl\/index.php?rest_route=%2Fwp%2Fv2%2Ftags&post=1202"}],"curies":[{"name":"wp","href":"https:\/\/api.w.org\/{rel}","templated":true}]}}