{"id":1619,"date":"2015-08-12T20:20:46","date_gmt":"2015-08-12T18:20:46","guid":{"rendered":"http:\/\/krzys.zielonka.pl\/?p=1619"},"modified":"2015-08-12T20:21:09","modified_gmt":"2015-08-12T18:21:09","slug":"iii-mazowiecka-pielgrzymka-hdk-ossow-2015","status":"publish","type":"post","link":"https:\/\/krzys.zielonka.pl\/?p=1619","title":{"rendered":"III Mazowiecka Pielgrzymka HDK Oss\u00f3w 2015"},"content":{"rendered":"<p style=\"text-align: justify;\"><a href=\"http:\/\/krzys.zielonka.pl\/wp-content\/uploads\/wordpress\/khdk-na-stron\u01191.jpg\"><img loading=\"lazy\" decoding=\"async\" class=\"alignleft size-full wp-image-1263\" title=\"khdk - na stron\u0119\" src=\"http:\/\/krzys.zielonka.pl\/wp-content\/uploads\/wordpress\/khdk-na-stron\u01191.jpg\" alt=\"\" width=\"115\" height=\"80\" \/><\/a>W najbli\u017csz\u0105 sobot\u0119, 15 sierpnia, odb\u0119dzie si\u0119 w Ossowie <span style=\"color: #ff6600;\">III Mazowiecka Pielgrzymka HDK<\/span> pod patronatem ks. abpa Henryka Hosera &#8211; ordynariusza diecezji warszawsko-praskiej &#8211; i patriotycznym zawo\u0142aniem\u00a0&#8220;<strong>Oni oddali \u017cycie za Ojczyzn\u0119, mu oddajemy krew dla Bli\u017anich<\/strong>&#8220;<\/p>\n<p>Wi\u0119cej:<br \/>\n\u2013 <a href=\"http:\/\/krzys.zielonka.pl\/wp-content\/uploads\/wordpress\/Oss\u00f3w-III-HDK-15082015-informacja.pdf\">Oss\u00f3w III HDK 15082015 informacja<\/a><br \/>\n\u2013 <a href=\"http:\/\/krzys.zielonka.pl\/wp-content\/uploads\/wordpress\/diecezjalny.pdf\">III Mazowiecka Pielgrzymka HDK<\/a><\/p>\n","protected":false},"excerpt":{"rendered":"<p>W najbli\u017csz\u0105 sobot\u0119, 15 sierpnia, odb\u0119dzie si\u0119 w Ossowie III Mazowiecka Pielgrzymka HDK pod patronatem ks. abpa Henryka Hosera &#8211; ordynariusza diecezji warszawsko-praskiej &#8211; i patriotycznym zawo\u0142aniem\u00a0&#8220;Oni oddali \u017cycie za Ojczyzn\u0119, mu oddajemy krew dla Bli\u017anich&#8220; Wi\u0119cej: \u2013 Oss\u00f3w III HDK 15082015 informacja \u2013 III Mazowiecka Pielgrzymka HDK<\/p>\n","protected":false},"author":2,"featured_media":0,"comment_status":"closed","ping_status":"closed","sticky":false,"template":"","format":"standard","meta":{"ngg_post_thumbnail":0,"footnotes":""},"categories":[1],"tags":[],"class_list":["post-1619","post","type-post","status-publish","format-standard","hentry","category-bez-kategorii"],"_links":{"self":[{"href":"https:\/\/krzys.zielonka.pl\/index.php?rest_route=\/wp\/v2\/posts\/1619","targetHints":{"allow":["GET"]}}],"collection":[{"href":"https:\/\/krzys.zielonka.pl\/index.php?rest_route=\/wp\/v2\/posts"}],"about":[{"href":"https:\/\/krzys.zielonka.pl\/index.php?rest_route=\/wp\/v2\/types\/post"}],"author":[{"embeddable":true,"href":"https:\/\/krzys.zielonka.pl\/index.php?rest_route=\/wp\/v2\/users\/2"}],"replies":[{"embeddable":true,"href":"https:\/\/krzys.zielonka.pl\/index.php?rest_route=%2Fwp%2Fv2%2Fcomments&post=1619"}],"version-history":[{"count":3,"href":"https:\/\/krzys.zielonka.pl\/index.php?rest_route=\/wp\/v2\/posts\/1619\/revisions"}],"predecessor-version":[{"id":1627,"href":"https:\/\/krzys.zielonka.pl\/index.php?rest_route=\/wp\/v2\/posts\/1619\/revisions\/1627"}],"wp:attachment":[{"href":"https:\/\/krzys.zielonka.pl\/index.php?rest_route=%2Fwp%2Fv2%2Fmedia&parent=1619"}],"wp:term":[{"taxonomy":"category","embeddable":true,"href":"https:\/\/krzys.zielonka.pl\/index.php?rest_route=%2Fwp%2Fv2%2Fcategories&post=1619"},{"taxonomy":"post_tag","embeddable":true,"href":"https:\/\/krzys.zielonka.pl\/index.php?rest_route=%2Fwp%2Fv2%2Ftags&post=1619"}],"curies":[{"name":"wp","href":"https:\/\/api.w.org\/{rel}","templated":true}]}}