{"id":1868,"date":"2016-06-16T10:02:33","date_gmt":"2016-06-16T08:02:33","guid":{"rendered":"http:\/\/krzys.zielonka.pl\/?p=1868"},"modified":"2016-07-04T14:56:57","modified_gmt":"2016-07-04T12:56:57","slug":"mojpierwszyraz-gala-fundacji-dzien-dla-zycia-relacja-zdjecia","status":"publish","type":"post","link":"https:\/\/krzys.zielonka.pl\/?p=1868","title":{"rendered":"#m\u00f3jpierwszyraz. Gala Fundacji Dzie\u0144 Dla \u017bycia [RELACJA, ZDJ\u0118CIA]"},"content":{"rendered":"<p style=\"text-align: justify;\"><a href=\"http:\/\/krzys.zielonka.pl\/wp-content\/uploads\/wordpress\/DSC_0536a.jpg\"><img loading=\"lazy\" decoding=\"async\" class=\"alignleft size-full wp-image-1869\" title=\"Gala Fundacji Dzie\u0144 Dla \u017bycia\" src=\"http:\/\/krzys.zielonka.pl\/wp-content\/uploads\/wordpress\/DSC_0536a.jpg\" alt=\"\" width=\"150\" height=\"80\" \/><\/a>W poniedzia\u0142ek, 13 czerwca, mia\u0142a miejsce w Teatrze Ateneum w Warszawie premiera og\u00f3lnopolskiej kampanii spo\u0142ecznej \u201eM\u00f3j pierwszy raz\u201d, kt\u00f3r\u0105 zorganizowa\u0142a Fundacja Dzie\u0144 Dla \u017bycia. G\u0142\u00f3wnym celem kampanii jest promowanie idei honorowego krwiodawstwa oraz u\u015bwiadamianie spo\u0142ecze\u0144stwa na temat oddawania krwi i jest deficyt\u00f3w w okresie wakacji letnich \u2013 czyli w czasie, w kt\u00f3rym jest najwi\u0119ksze zapotrzebowanie na bezcenny lek.<br \/>\n<!--more--><\/p>\n<p style=\"text-align: justify;\">Na pocz\u0105tku Gali prowadz\u0105cy przeczytali list od Biorcy, w kt\u00f3rym podzi\u0119kowa\u0142 Dawcy za oddanie krwi. \u201e(&#8230;) <em>Dzi\u0119ki Twojej krwi, otrzyma\u0142em nowe \u017cycie. Dzi\u0119ki Twojej krwi, mog\u0119 dzisiaj \u017cy\u0107, przebywa\u0107 z rodzin\u0105, czyta\u0107 ksi\u0105\u017cki, chodzi\u0107 do kina, cieszy\u0107 si\u0119 kolejnym dniem. Dzi\u0119ki Twojej bezinteresownej pomocy mog\u0119 ogl\u0105da\u0107, jak rosn\u0105 dzieci, jak zmienia si\u0119 \u015bwiat<\/em> (\u2026). <em>Drogi Krwiodawco, dzi\u0119kuj\u0119 Tobie za Tw\u00f3j pierwszy i ka\u017cdy kolejny raz. Nnigdy nie przestan\u0119 by\u0107 wdzi\u0119czny. Twoja bezinteresowno\u015b\u0107 i szczera pomoc na zawsze pozostanie w moim sercu<\/em>\u201d.<\/p>\n<p style=\"text-align: justify;\">ngg_shortcode_0_placeholder<\/p>\n<p><span style=\"text-decoration: underline;\">Druga galeria<br \/>\nngg_shortcode_1_placeholder<\/span><\/p>\n<p style=\"text-align: justify;\">Nast\u0119pnie obecni go\u015bcie otrzymali od prezes Fundacji, Martyny Kaczmarek, pami\u0105tkowe medale, upominki od sponsor\u00f3w oraz dyplomy (dla przedstawicieli Klub\u00f3w HDK) za szerzenie idei honorowego krwiodawstwa, dzia\u0142anie na rzecz dawc\u00f3w krwi i bezinteresown\u0105 pomoc osobom potrzebuj\u0105cym.<\/p>\n<p style=\"text-align: justify;\">W dalszej cz\u0119\u015bci programu Martyna Kaczmarek przybli\u017cy\u0142a histori\u0119 za\u0142o\u017cenia Fundacji Dzie\u0144 Dla \u017bycia, jej cele oraz podzi\u0119kowa\u0142a wszystkim za przybycie.<\/p>\n<p style=\"text-align: justify;\">Na koniec by\u0142a sesja fotograficzna z udzia\u0142em organizator\u00f3w gali, sponsor\u00f3w i zaproszonych go\u015bci.<\/p>\n<p style=\"text-align: justify;\">\u00a0<a title=\"#m\u00f3jpierwszyraz\" href=\"https:\/\/www.facebook.com\/dziendlazycia\/videos\/608856872602934\/ \" target=\"_blank\">#m\u00f3jpierwszyraz<\/a> \u2013 spot kampanii spo\u0142ecznej<\/p>\n<p><iframe loading=\"lazy\" src=\"https:\/\/www.youtube.com\/embed\/vXcadrHtdcE\" frameborder=\"0\" width=\"560\" height=\"315\"><\/iframe><\/p>\n<p align=\"JUSTIFY\"><em>tekst: Tomasz G\u00f3rski<br \/>\n<\/em><em>zdj\u0119cia: KHDK \u201eKrzy\u015b\u201d<br \/>\n<\/em><em>\u017ar\u00f3d\u0142o: Fundacja Dzie\u0144 Dla \u017bycia \/ w\u0142asne<\/em><\/p>\n<p align=\"JUSTIFY\">PS. Dzi\u0119kuj\u0119 Fundacji Dzie\u0144 dla \u017bycia za zaproszenie na Gal\u0119 oraz wszystkim Klubowiczom z KHDK \u201eKrzy\u015b\u201d za obecno\u015b\u0107.<\/p>\n<p>&#8212;&#8212;&#8211;<br \/>\n* (na miniaturce: \u00a0Kamila Mr\u00f3z, Anna Zawierucha, Martya Kaczmarek (prezes Fundacji Dzie\u0144 dla \u017bycia), Kornelia Bu\u0142hak, Agnieszka Bu\u0142hak, Miros\u0142aw G\u0105sowski; Micha\u0142 Molski, Agnieszka Molska)<\/p>\n","protected":false},"excerpt":{"rendered":"<p>W poniedzia\u0142ek, 13 czerwca, mia\u0142a miejsce w Teatrze Ateneum w Warszawie premiera og\u00f3lnopolskiej kampanii spo\u0142ecznej \u201eM\u00f3j pierwszy raz\u201d, kt\u00f3r\u0105 zorganizowa\u0142a Fundacja Dzie\u0144 Dla \u017bycia. G\u0142\u00f3wnym celem kampanii jest promowanie idei honorowego krwiodawstwa oraz u\u015bwiadamianie spo\u0142ecze\u0144stwa na temat oddawania krwi i jest deficyt\u00f3w w okresie wakacji letnich \u2013 czyli w czasie, \u2026 <a class=\"continue-reading-link\" href=\"https:\/\/krzys.zielonka.pl\/?p=1868\"> Continue reading <span class=\"meta-nav\">&rarr; <\/span><\/a><\/p>\n","protected":false},"author":2,"featured_media":0,"comment_status":"closed","ping_status":"closed","sticky":false,"template":"","format":"standard","meta":{"ngg_post_thumbnail":0,"footnotes":""},"categories":[1],"tags":[],"class_list":["post-1868","post","type-post","status-publish","format-standard","hentry","category-bez-kategorii"],"_links":{"self":[{"href":"https:\/\/krzys.zielonka.pl\/index.php?rest_route=\/wp\/v2\/posts\/1868","targetHints":{"allow":["GET"]}}],"collection":[{"href":"https:\/\/krzys.zielonka.pl\/index.php?rest_route=\/wp\/v2\/posts"}],"about":[{"href":"https:\/\/krzys.zielonka.pl\/index.php?rest_route=\/wp\/v2\/types\/post"}],"author":[{"embeddable":true,"href":"https:\/\/krzys.zielonka.pl\/index.php?rest_route=\/wp\/v2\/users\/2"}],"replies":[{"embeddable":true,"href":"https:\/\/krzys.zielonka.pl\/index.php?rest_route=%2Fwp%2Fv2%2Fcomments&post=1868"}],"version-history":[{"count":7,"href":"https:\/\/krzys.zielonka.pl\/index.php?rest_route=\/wp\/v2\/posts\/1868\/revisions"}],"predecessor-version":[{"id":1874,"href":"https:\/\/krzys.zielonka.pl\/index.php?rest_route=\/wp\/v2\/posts\/1868\/revisions\/1874"}],"wp:attachment":[{"href":"https:\/\/krzys.zielonka.pl\/index.php?rest_route=%2Fwp%2Fv2%2Fmedia&parent=1868"}],"wp:term":[{"taxonomy":"category","embeddable":true,"href":"https:\/\/krzys.zielonka.pl\/index.php?rest_route=%2Fwp%2Fv2%2Fcategories&post=1868"},{"taxonomy":"post_tag","embeddable":true,"href":"https:\/\/krzys.zielonka.pl\/index.php?rest_route=%2Fwp%2Fv2%2Ftags&post=1868"}],"curies":[{"name":"wp","href":"https:\/\/api.w.org\/{rel}","templated":true}]}}