{"id":1887,"date":"2016-07-02T09:35:50","date_gmt":"2016-07-02T07:35:50","guid":{"rendered":"http:\/\/krzys.zielonka.pl\/?p=1887"},"modified":"2016-07-02T09:49:17","modified_gmt":"2016-07-02T07:49:17","slug":"ogolnopolskie-wakacyjne-krwiobranie","status":"publish","type":"post","link":"https:\/\/krzys.zielonka.pl\/?p=1887","title":{"rendered":"Og\u00f3lnopolskie \u201eWakacyjne krwiobranie\u201d"},"content":{"rendered":"<p style=\"text-align: justify;\"><a href=\"http:\/\/krzys.zielonka.pl\/wp-content\/uploads\/wordpress\/wakacyjne-krwiobranie-a4-info-plakat-druk-01-AAAA.jpg\"><img loading=\"lazy\" decoding=\"async\" class=\"alignleft size-full wp-image-1888\" title=\"Wakacyjne krwiobranie\" src=\"http:\/\/krzys.zielonka.pl\/wp-content\/uploads\/wordpress\/wakacyjne-krwiobranie-a4-info-plakat-druk-01-AAAA.jpg\" alt=\"\" width=\"150\" height=\"80\" \/><\/a>W okresie wakacyjnym, tj. od pierwszego lipca br. do pierwszego wrze\u015bnia br., trwa\u0107 b\u0119dzie og\u00f3lnopolska akcja \u201ewakacyjne krwiobranie\u201d. Celem akcji jest promocja krwiodawstwa w okresie wakacyjnym, gdy dawc\u00f3w jest znacznie mniej a potrzebuj\u0105cych znacznie wi\u0119cej.<br \/>\nKHDK \u201eKrzy\u015b\u201d przy\u0142\u0105czy\u0142 si\u0119 do tej szczytnej akcji \u2013 zbi\u00f3rka krwi odb\u0119dzie si\u0119 7 sierpnia w ramach \u201eWakacji\u00a0z Krwinkami\u201d (nazwa akcji \u201eKrzysia\u201d). Podczas akcji mo\u017cna wzi\u0105\u0107 udzia\u0142 w konkursie \u201eWakacyjnego krwiobrania\u201d. Jak to zrobi\u0107?<br \/>\n<!--more--><span style=\"text-decoration: underline;\"><br \/>\nZasady akcji \u201eWakacyjne krwiobranie\u201d<\/span>:<br \/>\n\u2013 we\u017a udzia\u0142 w wydarzeniu na Facebooku (<a title=\"Kliknij by przej\u015b\u0107 do wydarzenia na FB\" href=\"https:\/\/www.facebook.com\/events\/493995407457911\/\" target=\"_blank\">KLIK<\/a>) i opublikuj je na swojej tablicy na Facebooku,<br \/>\n\u2013 odwied\u017a najbli\u017cszy punkt krwiodawstwa i oddaj krew (7 sierpnia w Zielonce, szczeg\u00f3\u0142y wkr\u00f3tce),<br \/>\n\u2013 zr\u00f3b zdj\u0119cie i opublikuj je wraz z <strong>#wakacyjnekrwiobranie<\/strong> w Twoich social mediach (facebook lub instagram).<\/p>\n<p>Spe\u0142niaj\u0105c wszystkie powy\u017csze warunki bierzesz udzia\u0142 w loterii i masz szans\u0119 wygra\u0107 1 z 5 tablet\u00f3w, kt\u00f3re <span style=\"text-decoration: underline;\">losuje organizator &#8220;Wakacyjnego krwiobrania&#8221;<\/span> co dwa tygodnie od rozpocz\u0119cia akcji.<\/p>\n<p style=\"text-align: justify;\">Bior\u0105c udzia\u0142 w akcji ratujesz \u017cycie potrzebuj\u0105cym i masz szans\u0119 wygra\u0107 1 z 5 tablet\u00f3w.<\/p>\n<p style=\"text-align: justify;\"><strong>Je\u015bli nie mo\u017cesz odda\u0107 krwi a chcesz pom\u00f3c, zapro\u015b swoich znajomych i pom\u00f3\u017c w promocji wydarzenia<\/strong>.<\/p>\n<p style=\"text-align: justify;\">Patronat nad akcj\u0105 obj\u0105\u0142 RCKiK w Krakowie.<br \/>\n&#8212;<br \/>\n<span style=\"color: #4b4f56;\"><span style=\"font-family: helvetica, arial, sans-serif;\">Regulamin dost\u0119pny na:\u00a0<\/span><\/span><span style=\"color: #365899;\"><span style=\"font-family: helvetica, arial, sans-serif;\"><a href=\"http:\/\/bit.ly\/297Wnm2\" target=\"_blank\">http:\/\/bit.ly\/297Wnm2<br \/>\n<\/a><\/span><\/span><span style=\"color: #4b4f56;\"><span style=\"font-family: helvetica, arial, sans-serif;\">Plakat do pobrania tutaj:\u00a0<\/span><\/span><span style=\"color: #365899;\"><span style=\"font-family: helvetica, arial, sans-serif;\"><a href=\"http:\/\/bit.ly\/23apSIV\" target=\"_blank\">http:\/\/bit.ly\/23apSIV<br \/>\n<\/a><\/span><\/span><span style=\"color: #4b4f56;\"><span style=\"font-family: helvetica, arial, sans-serif;\">Zesz\u0142oroczna akcja &#8220;20 litr\u00f3w w 20 dni&#8221;: <a title=\"Kliknij by przej\u015b\u0107 do strony\" href=\"https:\/\/www.facebook.com\/events\/1600838033503525\/\" target=\"_blank\">TUTAJ (FB)<\/a><\/span><\/span><\/p>\n<p>\u00a0<a href=\"http:\/\/krzys.zielonka.pl\/wp-content\/uploads\/wordpress\/wakacyjne-krwiobranie-a4-info-plakat-druk-01.jpg\"><img loading=\"lazy\" decoding=\"async\" class=\"size-large wp-image-1889 alignnone\" title=\"wakacyjne krwiobranie a4 info plakat druk-01\" src=\"http:\/\/krzys.zielonka.pl\/wp-content\/uploads\/wordpress\/wakacyjne-krwiobranie-a4-info-plakat-druk-01-723x1024.jpg\" alt=\"\" width=\"723\" height=\"1024\" srcset=\"wp-content\/uploads\/wordpress\/wakacyjne-krwiobranie-a4-info-plakat-druk-01-723x1024.jpg 723w, wp-content\/uploads\/wordpress\/wakacyjne-krwiobranie-a4-info-plakat-druk-01-212x300.jpg 212w, wp-content\/uploads\/wordpress\/wakacyjne-krwiobranie-a4-info-plakat-druk-01-106x150.jpg 106w\" sizes=\"auto, (max-width: 723px) 100vw, 723px\" \/><\/a><\/p>\n<p><em>\u017ar\u00f3d\u0142o: wakacyjne krwiobranie (FB), materia\u0142y organizatora \/ w\u0142asne<\/em><\/p>\n","protected":false},"excerpt":{"rendered":"<p>W okresie wakacyjnym, tj. od pierwszego lipca br. do pierwszego wrze\u015bnia br., trwa\u0107 b\u0119dzie og\u00f3lnopolska akcja \u201ewakacyjne krwiobranie\u201d. Celem akcji jest promocja krwiodawstwa w okresie wakacyjnym, gdy dawc\u00f3w jest znacznie mniej a potrzebuj\u0105cych znacznie wi\u0119cej. KHDK \u201eKrzy\u015b\u201d przy\u0142\u0105czy\u0142 si\u0119 do tej szczytnej akcji \u2013 zbi\u00f3rka krwi odb\u0119dzie si\u0119 7 sierpnia \u2026 <a class=\"continue-reading-link\" href=\"https:\/\/krzys.zielonka.pl\/?p=1887\"> Continue reading <span class=\"meta-nav\">&rarr; <\/span><\/a><\/p>\n","protected":false},"author":2,"featured_media":0,"comment_status":"closed","ping_status":"closed","sticky":false,"template":"","format":"standard","meta":{"ngg_post_thumbnail":0,"footnotes":""},"categories":[1],"tags":[],"class_list":["post-1887","post","type-post","status-publish","format-standard","hentry","category-bez-kategorii"],"_links":{"self":[{"href":"https:\/\/krzys.zielonka.pl\/index.php?rest_route=\/wp\/v2\/posts\/1887","targetHints":{"allow":["GET"]}}],"collection":[{"href":"https:\/\/krzys.zielonka.pl\/index.php?rest_route=\/wp\/v2\/posts"}],"about":[{"href":"https:\/\/krzys.zielonka.pl\/index.php?rest_route=\/wp\/v2\/types\/post"}],"author":[{"embeddable":true,"href":"https:\/\/krzys.zielonka.pl\/index.php?rest_route=\/wp\/v2\/users\/2"}],"replies":[{"embeddable":true,"href":"https:\/\/krzys.zielonka.pl\/index.php?rest_route=%2Fwp%2Fv2%2Fcomments&post=1887"}],"version-history":[{"count":7,"href":"https:\/\/krzys.zielonka.pl\/index.php?rest_route=\/wp\/v2\/posts\/1887\/revisions"}],"predecessor-version":[{"id":1896,"href":"https:\/\/krzys.zielonka.pl\/index.php?rest_route=\/wp\/v2\/posts\/1887\/revisions\/1896"}],"wp:attachment":[{"href":"https:\/\/krzys.zielonka.pl\/index.php?rest_route=%2Fwp%2Fv2%2Fmedia&parent=1887"}],"wp:term":[{"taxonomy":"category","embeddable":true,"href":"https:\/\/krzys.zielonka.pl\/index.php?rest_route=%2Fwp%2Fv2%2Fcategories&post=1887"},{"taxonomy":"post_tag","embeddable":true,"href":"https:\/\/krzys.zielonka.pl\/index.php?rest_route=%2Fwp%2Fv2%2Ftags&post=1887"}],"curies":[{"name":"wp","href":"https:\/\/api.w.org\/{rel}","templated":true}]}}