{"id":1954,"date":"2016-09-12T12:12:59","date_gmt":"2016-09-12T10:12:59","guid":{"rendered":"http:\/\/krzys.zielonka.pl\/?p=1954"},"modified":"2016-09-17T14:12:39","modified_gmt":"2016-09-17T12:12:39","slug":"maksymilianalia-2016-posiedzenie-komitetu-organizacyjnego-relacja-galeria","status":"publish","type":"post","link":"https:\/\/krzys.zielonka.pl\/?p=1954","title":{"rendered":"Maksymilianalia 2016 &#8211; posiedzenie Komitetu Organizacyjnego [RELACJA, GALERIA]"},"content":{"rendered":"<p style=\"text-align: justify;\" align=\"JUSTIFY\"><span style=\"color: #333333;\"><span style=\"font-family: 'Times New Roman', serif;\"><span style=\"font-size: medium;\"><a href=\"http:\/\/krzys.zielonka.pl\/wp-content\/uploads\/wordpress\/DSC09615-miniaturka.jpg\"><img loading=\"lazy\" decoding=\"async\" class=\"alignleft size-full wp-image-1963\" title=\"27.08.2016 r. - posiedzenie Komitetu Organizacyjnego Maksymilianali\u00f3w\" src=\"http:\/\/krzys.zielonka.pl\/wp-content\/uploads\/wordpress\/DSC09615-miniaturka.jpg\" alt=\"\" width=\"150\" height=\"80\" \/><\/a>W sobot\u0119, 27 sierpnia, odby\u0142o si\u0119 w Niepokalanowie posiedzenie <\/span><\/span><\/span><span style=\"color: #333333;\"><span style=\"font-family: 'Times New Roman', serif;\"><span style=\"font-size: medium;\"><strong>Komitetu Organizacyjnego<\/strong><\/span><\/span><\/span><span style=\"color: #333333;\"><span style=\"font-family: 'Times New Roman', serif;\"><span style=\"font-size: medium;\"> z\u0142o\u017conej z przedstawicieli Stowarzysze\u0144 i Klub\u00f3w Honorowych Dawc\u00f3w Krwi\u00a0z ca\u0142ej Polski oraz Energetyk\u00f3w, Elektryk\u00f3w i Elektronik\u00f3w, kt\u00f3rej celem by\u0142o przygotowanie oraz om\u00f3wienie programu tegorocznych obchod\u00f3w Og\u00f3lnopolskiego Spotkania (Pielgrzymki) \u015arodowisk Kolbia\u0144skich z inicjatywy Honorowych Dawc\u00f3w Krwi,<br \/>\nz okazji 75-tej rocznicy m\u0119cze\u0144skiej \u015bmierci \u015bw. Maksymiliana Marii Kolbego, Uroczyste obchody odb\u0119d\u0105 si\u0119<br \/>\n8 pa\u017adziernika br. (sobota) w Niepokalanowie pod nazw\u0105\u00a0<\/span><\/span><\/span><strong><span style=\"color: #333333;\"><span style=\"font-family: 'Times New Roman', serif;\"><span style=\"font-size: medium;\"><strong>MAKSYMILIANALIA \u2013 NIEPOKALAN\u00d3W 2016<\/strong><\/span><\/span><\/span><\/strong><span style=\"color: #333333;\"><span style=\"font-family: 'Times New Roman', serif;\"><span style=\"font-size: medium;\">\u201d<\/span><\/span><\/span><span style=\"color: #333333;\"><span style=\"font-family: 'Times New Roman', serif;\"><span style=\"font-size: medium;\">.<br \/>\n<!--more--><span>W spotkaniu udzia\u0142 wzi\u0119li przedstawiciele Klub\u00f3w HDK z ca\u0142ej Polski (m.in.\u00a0<\/span><span>z Mazowsza, Podlasia, \u015al\u0105ska oraz Podkarpacia), przedstawiciel Energetyk\u00f3w, Elektryk\u00f3w\u00a0<\/span><span>i Elektronik\u00f3w \u2013 Jacek Krawczy\u0144ski (redaktor naczelny Biuletynu Informacyjnego Katolickiego Stowarzyszenia Energetyk\u00f3w \u201eNAZARET\u201d z PSE S. A. Konstancin \u2013 Jeziorna) oraz\u00a0<\/span><span style=\"font-family: 'Times New Roman', serif;\"><span style=\"font-size: medium;\">o. Franciszkanie \u2013 Grzegorz Maria Szymanik i kustosz Miros\u0142aw Adaszkiewicz<\/span><\/span><span style=\"font-family: 'Times New Roman', serif;\"><span style=\"font-size: medium;\"><em>.<\/em><\/span><\/span><\/span><\/span><\/span><\/p>\n<p style=\"text-align: justify;\"><span style=\"font-family: 'Times New Roman', serif;\"><span style=\"font-size: medium;\"><em> ngg_shortcode_0_placeholder<\/em><\/span><\/span><\/p>\n<p class=\"western\" style=\"margin-bottom: 0cm; line-height: 100%;\" align=\"justify\"><span style=\"font-family: 'Times New Roman', serif;\">O godz. 9. 30 cz\u0142onkowie Komitetu Organizacyjnego, kt\u00f3rzy przybyli na obrady, spotkali si\u0119 na Sali w domu Pielgrzyma z o.. dr hab. Paw\u0142em Warcho\u0142em OFM Conv., przewodnicz\u0105cym Konferencji Popularno \u2013 naukowej nt. \u201ePielgrzymowanie ze \u015bw. Maksymilianem Mari\u0105 Kolbe\u201d. Pierwszym punktem obrad by\u0142o om\u00f3wienie stanu przygotowa\u0144 do konferencji poularno \u2013 naukowej. Referaty s\u0105 ju\u017c prawie gotowe. Trwa ich redakcja naukowa.Ustalono wydanie ksi\u0105\u017cki z\u00a0referatami Konferencji popularno \u2013 naukowej pt. \u201eKrew w s\u0142u\u017cbie Mi\u0142osierdzia\u201d pod redakcj\u0105 naukow\u0105 O. dr hab. Paw\u0142a Warcho\u0142a OFM Conv i przekaza\u0107 zweryfikowane materia\u0142y do wydawnictwa \u201eChemigrafia\u201d w Kro\u015bnie. Nak\u0142ad ksi\u0105\u017cki 200 egzemplarzy w formacie zeszytowym. Na chwil\u0119 obecn\u0105 brak jednak \u015brodk\u00f3w finansowych na druk ksi\u0105\u017cki. Tak wi\u0119c jej wydanie stoi pod znakiem zapytania. <\/span><\/p>\n<p class=\"western\" style=\"margin-bottom: 0cm; line-height: 100%;\" align=\"justify\"><span style=\"font-family: 'Times New Roman', serif;\"> Nast\u0119pnie uczestnicy spotkania wzi\u0119li udzia\u0142 w uroczystej Mszy \u015awi\u0119tej w Sanktuarium Niepokalanego Pocz\u0119cia Naj\u015bwi\u0119tszej Maryi Panny w Niepokalanowie, kt\u00f3rego za\u0142o\u017cycielem jest \u015bw. Maksymilian Maria Kolbe \u2013 patron m.in. krwiodawc\u00f3w; dziennikarzy; energetyk\u00f3w, elektryk\u00f3w i elektronik\u00f3w, kr\u00f3tkofalowc\u00f3w, rodzin, drukarzy i wielu innych \u015brodowisk, kt\u00f3re si\u0119 jeszcze nie w\u0142\u0105czy\u0142y w MAKSYMILIANALIA. <\/span><\/p>\n<p class=\"western\" style=\"margin-bottom: 0cm; line-height: 100%;\" align=\"justify\"><span style=\"font-family: 'Times New Roman', serif;\"> Po obiedzie kontynuowano obrady nt. stanu przygotowa\u0144 do uroczysto\u015bci. Po odczytaniu protoko\u0142u z poprzedniego spotkania (9 kwietnia br.) i skierowaniu go do naniesienia poprawek, g\u0142os zabra\u0142 O. Grzegorz Maria Szymanik OFM Conv \u2013 gwardian Niepokalanowa od lipca 2013 r. \u2013 kt\u00f3ry zosta\u0142 wybrany nowym przewodnicz\u0105cym Komitetu Honorowego. Do Komitetu Honorowego w\u0142\u0105czono, na wniosek Eugeniusza Jacka, Kustosza Sanktuarium o. Miros\u0142awa Daszkiewicza OFM Conv. <\/span><\/p>\n<p style=\"text-align: justify;\">W dalszej cz\u0119\u015bci zebrania ka\u017cdy zrelacjonowa\u0142 stan wykonania zada\u0144 przygotowawczych w\u00a0ostatnim czasie. P\u00f3\u017aniej przeanalizowano ka\u017cdy punkt programu pielgrzymki ze szczeg\u00f3\u0142owym podzia\u0142em zada\u0144. Podj\u0119te decyzje co do realizacji tych zada\u0144 zapisano w za\u0142\u0105czniku wewn\u0119trznym do powy\u017cszego protok\u00f3\u0142u<span style=\"font-size: medium;\">.<br \/>\n<a href=\"http:\/\/krzys.zielonka.pl\/wp-content\/uploads\/wordpress\/Plakat-a3-x3-koniec-OK-2.jpg\"><img loading=\"lazy\" decoding=\"async\" class=\"aligncenter size-large wp-image-1975\" title=\"Maksymilianalia 2016 - plakat\" src=\"http:\/\/krzys.zielonka.pl\/wp-content\/uploads\/wordpress\/Plakat-a3-x3-koniec-OK-2-731x1024.jpg\" alt=\"\" width=\"731\" height=\"1024\" srcset=\"wp-content\/uploads\/wordpress\/Plakat-a3-x3-koniec-OK-2-731x1024.jpg 731w, wp-content\/uploads\/wordpress\/Plakat-a3-x3-koniec-OK-2-214x300.jpg 214w, wp-content\/uploads\/wordpress\/Plakat-a3-x3-koniec-OK-2-107x150.jpg 107w\" sizes=\"auto, (max-width: 731px) 100vw, 731px\" \/><\/a><\/span><\/p>\n<p style=\"text-align: justify;\" align=\"JUSTIFY\"><span style=\"font-size: medium;\"> <span style=\"font-size: 16px;\">&#8212;&#8212;&#8212;<br \/>\n<\/span><\/span><em>Tekst: Henryk Zaj\u0105c, Tomasz G\u00f3rski (Klub HDK \u201eKrzy\u015b\u201d w Zielonce)<br \/>\n<\/em><em>Autoryzacja: Henryk Zaj\u0105c<br \/>\n<\/em><em>\u0179r\u00f3d\u0142o: <a href=\"http:\/\/krzys.zielonka.pl\/wp-content\/uploads\/wordpress\/Podzia\u0142-obowi\u0105zk\u00f3w-na-Maksymilianaliach.doc\">materia\u0142y Komitetu Organizacyjnego<\/a> \/ w\u0142asne<br \/>\n<\/em><em>Zdj\u0119cia: Zdzis\u0142aw W\u00f3jcik<\/em><\/p>\n","protected":false},"excerpt":{"rendered":"<p>W sobot\u0119, 27 sierpnia, odby\u0142o si\u0119 w Niepokalanowie posiedzenie Komitetu Organizacyjnego z\u0142o\u017conej z przedstawicieli Stowarzysze\u0144 i Klub\u00f3w Honorowych Dawc\u00f3w Krwi\u00a0z ca\u0142ej Polski oraz Energetyk\u00f3w, Elektryk\u00f3w i Elektronik\u00f3w, kt\u00f3rej celem by\u0142o przygotowanie oraz om\u00f3wienie programu tegorocznych obchod\u00f3w Og\u00f3lnopolskiego Spotkania (Pielgrzymki) \u015arodowisk Kolbia\u0144skich z inicjatywy Honorowych Dawc\u00f3w Krwi, z okazji 75-tej rocznicy \u2026 <a class=\"continue-reading-link\" href=\"https:\/\/krzys.zielonka.pl\/?p=1954\"> Continue reading <span class=\"meta-nav\">&rarr; <\/span><\/a><\/p>\n","protected":false},"author":2,"featured_media":0,"comment_status":"closed","ping_status":"closed","sticky":false,"template":"","format":"standard","meta":{"ngg_post_thumbnail":0,"footnotes":""},"categories":[1],"tags":[],"class_list":["post-1954","post","type-post","status-publish","format-standard","hentry","category-bez-kategorii"],"_links":{"self":[{"href":"https:\/\/krzys.zielonka.pl\/index.php?rest_route=\/wp\/v2\/posts\/1954","targetHints":{"allow":["GET"]}}],"collection":[{"href":"https:\/\/krzys.zielonka.pl\/index.php?rest_route=\/wp\/v2\/posts"}],"about":[{"href":"https:\/\/krzys.zielonka.pl\/index.php?rest_route=\/wp\/v2\/types\/post"}],"author":[{"embeddable":true,"href":"https:\/\/krzys.zielonka.pl\/index.php?rest_route=\/wp\/v2\/users\/2"}],"replies":[{"embeddable":true,"href":"https:\/\/krzys.zielonka.pl\/index.php?rest_route=%2Fwp%2Fv2%2Fcomments&post=1954"}],"version-history":[{"count":18,"href":"https:\/\/krzys.zielonka.pl\/index.php?rest_route=\/wp\/v2\/posts\/1954\/revisions"}],"predecessor-version":[{"id":1967,"href":"https:\/\/krzys.zielonka.pl\/index.php?rest_route=\/wp\/v2\/posts\/1954\/revisions\/1967"}],"wp:attachment":[{"href":"https:\/\/krzys.zielonka.pl\/index.php?rest_route=%2Fwp%2Fv2%2Fmedia&parent=1954"}],"wp:term":[{"taxonomy":"category","embeddable":true,"href":"https:\/\/krzys.zielonka.pl\/index.php?rest_route=%2Fwp%2Fv2%2Fcategories&post=1954"},{"taxonomy":"post_tag","embeddable":true,"href":"https:\/\/krzys.zielonka.pl\/index.php?rest_route=%2Fwp%2Fv2%2Ftags&post=1954"}],"curies":[{"name":"wp","href":"https:\/\/api.w.org\/{rel}","templated":true}]}}