{"id":2019,"date":"2016-11-26T13:56:06","date_gmt":"2016-11-26T12:56:06","guid":{"rendered":"http:\/\/krzys.zielonka.pl\/?p=2019"},"modified":"2016-12-04T18:58:19","modified_gmt":"2016-12-04T17:58:19","slug":"4-grudnia-mikolajkowa-akcja-krwiodawstwa","status":"publish","type":"post","link":"https:\/\/krzys.zielonka.pl\/?p=2019","title":{"rendered":"4 grudnia miko\u0142ajkowa akcja krwiodawstwa"},"content":{"rendered":"<p style=\"text-align: justify;\"><a href=\"http:\/\/krzys.zielonka.pl\/wp-content\/uploads\/wordpress\/DSC_0573-\u2014-kopia.jpg\"><img loading=\"lazy\" decoding=\"async\" class=\"alignleft size-thumbnail wp-image-2020\" title=\"Akcja krwiodawstwa w Zielonce\" src=\"http:\/\/krzys.zielonka.pl\/wp-content\/uploads\/wordpress\/DSC_0573-\u2014-kopia-150x150.jpg\" alt=\"\" width=\"150\" height=\"150\" \/><\/a>Zbli\u017caj\u0105ce si\u0119 Miko\u0142ajki i \u015bwi\u0119ta to nie tylko czas otrzymywania prezent\u00f3w, ale przede wszystkim ich wr\u0119czania.\u00a0Warto dzieli\u0107 si\u0119 z potrzebuj\u0105cymi, a wystarczy niewiele \u2013 odda\u0107 krew.<br \/>\nW niedziel\u0119, <strong>4 grudnia<\/strong>, odb\u0119dzie si\u0119 ostatnia w tym roku akcja honorowego oddawania krwi<br \/>\nw Zielonce. Zapraszamy wszystkich Krwiodawc\u00f3w \u2013 wraz z rodzin\u0105, bliskimi i znajomymi \u2013 do czynnego udzia\u0142u w akcji organizowanej przez nasz Klub. \u00a0Zbi\u00f3rka krwi odb\u0119dzie si\u0119<br \/>\n<strong>w go\u015bcinnych murach Miejskiego Gimnazjum im. Stefana Kardyna\u0142a Wyszy\u0144skiego<br \/>\nw Zielonce w godz. 10:00 \u2013 13:30<\/strong>.<\/p>\n<p style=\"text-align: justify;\">\n<p><iframe loading=\"lazy\" src=\"https:\/\/www.facebook.com\/plugins\/post.php?href=https%3A%2F%2Fwww.facebook.com%2Fpermalink.php%3Fstory_fbid%3D1814138232198411%26id%3D1406585656287006&#038;width=500\" width=\"500\" height=\"546\" style=\"border:none;overflow:hidden\" scrolling=\"no\" frameborder=\"0\" allowTransparency=\"true\"><\/iframe><\/p>\n<pre style=\"text-align: justify;\"><strong style=\"font-size: 16px;\">Pami\u0119taj<\/strong><span style=\"font-size: 16px;\">: Zabierz ze sob\u0105 dokument to\u017csamo\u015bci ze zdj\u0119ciem oraz d\u0142ugopis<\/span><\/pre>\n<p style=\"text-align: justify;\"><!--more-->Oddawanie krwi<br \/>\n&#8211; nie boli,<br \/>\n&#8211; jest bezpieczne,<br \/>\n&#8211; nie grozi zara\u017ceniem<br \/>\n&#8211; nie uzale\u017cnia.<\/p>\n<p style=\"text-align: justify;\">Wystarczy chcie\u0107! Nie musisz zna\u0107 swojej grupy krwi. Wystarczy, \u017ce w tym dniu (4 grudnia) zjesz niskot\u0142uszczowy posi\u0142ek, wypijesz wi\u0119ksz\u0105 ilo\u015b\u0107 wody i tu\u017c przed oddaniem powstrzymasz si\u0119 od palenia papieros\u00f3w.<br \/>\n<strong>\u0141\u0105czy nas krew, kt\u00f3ra ratuje \u017cycie<\/strong><\/p>\n","protected":false},"excerpt":{"rendered":"<p>Zbli\u017caj\u0105ce si\u0119 Miko\u0142ajki i \u015bwi\u0119ta to nie tylko czas otrzymywania prezent\u00f3w, ale przede wszystkim ich wr\u0119czania.\u00a0Warto dzieli\u0107 si\u0119 z potrzebuj\u0105cymi, a wystarczy niewiele \u2013 odda\u0107 krew. W niedziel\u0119, 4 grudnia, odb\u0119dzie si\u0119 ostatnia w tym roku akcja honorowego oddawania krwi w Zielonce. Zapraszamy wszystkich Krwiodawc\u00f3w \u2013 wraz z rodzin\u0105, bliskimi \u2026 <a class=\"continue-reading-link\" href=\"https:\/\/krzys.zielonka.pl\/?p=2019\"> Continue reading <span class=\"meta-nav\">&rarr; <\/span><\/a><\/p>\n","protected":false},"author":2,"featured_media":0,"comment_status":"closed","ping_status":"closed","sticky":false,"template":"","format":"standard","meta":{"ngg_post_thumbnail":0,"footnotes":""},"categories":[1],"tags":[],"class_list":["post-2019","post","type-post","status-publish","format-standard","hentry","category-bez-kategorii"],"_links":{"self":[{"href":"https:\/\/krzys.zielonka.pl\/index.php?rest_route=\/wp\/v2\/posts\/2019","targetHints":{"allow":["GET"]}}],"collection":[{"href":"https:\/\/krzys.zielonka.pl\/index.php?rest_route=\/wp\/v2\/posts"}],"about":[{"href":"https:\/\/krzys.zielonka.pl\/index.php?rest_route=\/wp\/v2\/types\/post"}],"author":[{"embeddable":true,"href":"https:\/\/krzys.zielonka.pl\/index.php?rest_route=\/wp\/v2\/users\/2"}],"replies":[{"embeddable":true,"href":"https:\/\/krzys.zielonka.pl\/index.php?rest_route=%2Fwp%2Fv2%2Fcomments&post=2019"}],"version-history":[{"count":21,"href":"https:\/\/krzys.zielonka.pl\/index.php?rest_route=\/wp\/v2\/posts\/2019\/revisions"}],"predecessor-version":[{"id":2027,"href":"https:\/\/krzys.zielonka.pl\/index.php?rest_route=\/wp\/v2\/posts\/2019\/revisions\/2027"}],"wp:attachment":[{"href":"https:\/\/krzys.zielonka.pl\/index.php?rest_route=%2Fwp%2Fv2%2Fmedia&parent=2019"}],"wp:term":[{"taxonomy":"category","embeddable":true,"href":"https:\/\/krzys.zielonka.pl\/index.php?rest_route=%2Fwp%2Fv2%2Fcategories&post=2019"},{"taxonomy":"post_tag","embeddable":true,"href":"https:\/\/krzys.zielonka.pl\/index.php?rest_route=%2Fwp%2Fv2%2Ftags&post=2019"}],"curies":[{"name":"wp","href":"https:\/\/api.w.org\/{rel}","templated":true}]}}