{"id":2077,"date":"2017-01-09T14:42:12","date_gmt":"2017-01-09T13:42:12","guid":{"rendered":"http:\/\/krzys.zielonka.pl\/?p=2077"},"modified":"2017-01-09T14:42:12","modified_gmt":"2017-01-09T13:42:12","slug":"podsumowanie-akcji-krwiodawstwa-w-2016-r-co-nas-czeka-w-tym-roku","status":"publish","type":"post","link":"https:\/\/krzys.zielonka.pl\/?p=2077","title":{"rendered":"Podsumowanie akcji krwiodawstwa w 2016 r. Co nas czeka w tym roku?"},"content":{"rendered":"<p style=\"text-align: justify;\"><span style=\"font-family: 'Times New Roman', serif;\"><span><span style=\"color: #333333;\"><a href=\"http:\/\/krzys.zielonka.pl\/wp-content\/uploads\/wordpress\/khdk-na-stron\u01192.jpg\"><img loading=\"lazy\" decoding=\"async\" class=\"alignleft size-full wp-image-2079\" title=\"khdk - na stron\u0119\" src=\"http:\/\/krzys.zielonka.pl\/wp-content\/uploads\/wordpress\/khdk-na-stron\u01192.jpg\" alt=\"\" width=\"115\" height=\"80\" \/><\/a>W minionym roku Klub Honorowych Dawc\u00f3w Krwi \u201eKrzy\u015b\u201d w Zielonce <\/span><span style=\"color: #333333;\">z<\/span><span style=\"color: #333333;\">organizowa\u0142 6 akcji honorowego krwiodawstwa. Na ka\u017cd\u0105 akcj\u0119, kt\u00f3re odbywa<\/span><span style=\"color: #333333;\">\u0142y<\/span><span style=\"color: #333333;\"> si\u0119 w go\u015bcinnych murach Miejskiego Gimnazjum oraz <\/span><span style=\"color: #333333;\">premierowo przed Urz\u0119dem Miasta<\/span><span style=\"color: #333333;\"> przyje\u017cd\u017ca \u2013 tak\u017ce specjalnym ambulansem \u2013 ekipa z Regionalnego Centrum Krwiodawstwa i Krwiolecznictwa<br \/>\nw Warszawie.<\/span> <\/span><\/span><\/p>\n<p>Zesz\u0142oroczne akcj\u0119 przejd\u0105 do historii naszego Klubu. Nie tylko oficjalnie przekroczyli\u015bmy 1000 litr\u00f3w zebranego bezcennego leku, kt\u00f3ry ratuje ludzkie \u017cycie. W 6 akcjach zebrano \u0142\u0105cznie 111,6 litr\u00f3w krwi, co jest najwy\u017cszym wynikiem Klubu od jego za\u0142o\u017cenia w 2003 r.!<!--more--><\/p>\n<p><span style=\"text-decoration: underline;\">Poni\u017cej statystycznie zestawienie zesz\u0142orocznych akcji krwiodawstwa w Zielonce:<\/span><\/p>\n<p><a href=\"http:\/\/krzys.zielonka.pl\/wp-content\/uploads\/wordpress\/Screenshot-2017-01-09-14-25-35.jpg\"><img loading=\"lazy\" decoding=\"async\" class=\"aligncenter size-full wp-image-2078\" title=\"Screenshot 2017-01-09 14-25-35\" src=\"http:\/\/krzys.zielonka.pl\/wp-content\/uploads\/wordpress\/Screenshot-2017-01-09-14-25-35.jpg\" alt=\"\" width=\"780\" height=\"367\" srcset=\"wp-content\/uploads\/wordpress\/Screenshot-2017-01-09-14-25-35.jpg 780w, wp-content\/uploads\/wordpress\/Screenshot-2017-01-09-14-25-35-300x141.jpg 300w, wp-content\/uploads\/wordpress\/Screenshot-2017-01-09-14-25-35-250x117.jpg 250w\" sizes=\"auto, (max-width: 780px) 100vw, 780px\" \/><\/a><\/p>\n<p>W naszych akcjach uczestnicz\u0105 nie tylko \u201estali\u201d Krwiodawcy z Zielonki. Cieszy nas fakt, \u017ce przychodzi coraz wi\u0119cej nowych os\u00f3b (tak\u017ce z s\u0105siednich miast w powiecie), by zobaczy\u0107<\/p>\n<p><span style=\"font-family: 'Times New Roman', serif;\"><span>i przekona\u0107 si\u0119, \u017ce oddawanie krwi nie jest skomplikowane. Cz\u0119\u015b\u0107 z nich zasili\u0142o szeregi \u201eKrzysia\u201d i zacz\u0119\u0142o regularnie bra\u0107 udzia\u0142 w naszych zbi\u00f3rkach. Warto namawia\u0107 swoich bliskich i znajomych, by r\u00f3wnie\u017c czynnie brali udzia\u0142 w akcjach zbi\u00f3rki krwi. Bardzo dzi\u0119kujemy! <\/span><\/span><\/p>\n<p>Og\u0142oszenia o akcjach krwiodawstwa pojawia\u0142y si\u0119 m.in. na antenie Radia FAMA, lokalnej prasie i stronach internetowych. Plakaty pojawiaj\u0105 si\u0119 na tablicach informacyjnych<br \/>\ni witrynach sklepowych.<\/p>\n<p><span><span style=\"color: #333333;\"><span style=\"font-family: 'Times New Roman', serif;\">W tym miejscu chcieliby\u015bmy zach\u0119ci\u0107 Pa\u0144stwa do pomocy. Poza\u00a0<\/span><\/span><span style=\"color: #333333;\"><span style=\"color: #333333;\">rozpowszechnianiem informacji <\/span><span style=\"color: #333333;\">w mediach spo\u0142eczno\u015bciowych <\/span><span style=\"color: #333333;\">o zbli\u017caj\u0105cych si\u0119 akcjach, apelujemy o aktywny udzia\u0142 w promocji idei oddawania krwi czy w \u201eprowadzeniu\u201d strony i fanpage\u2019a \u201eKrzysia\u201d.<\/span><\/span><\/span><\/p>\n<p><span style=\"font-family: 'Times New Roman', serif;\"><span>W Internecie mo\u017cna znale\u017a\u0107 ciekawe artyku\u0142y zwi\u0105zane z oddawaniem krwi lub samym krwiodawstwie. Wystarczy podes\u0142a\u0107 link lub napisa\u0107 co\u015b od siebie. Co wi\u0119cej, wystarczy r\u00f3wnie\u017c powiesi\u0107 w swoim sklepie (czy innym punkcie us\u0142ugowym) plakat w formacie A2 (48 cm x 68 cm) informuj\u0105cy o akcji krwiodawstwa. <\/span><\/span><\/p>\n<p style=\"text-align: justify;\"><span style=\"color: #333333;\"><span style=\"font-family: 'Times New Roman', serif;\">Warto te\u017c zapozna\u0107 si\u0119 z akcjami pn. \u201e<a title=\"kliknij, by przej\u015b\u0107 na stron\u0119\" href=\"http:\/\/razemdladawcow.pl\/www2\/\" target=\"_blank\">Razem dla Dawc\u00f3w<\/a>\u201d. <\/span><\/span><span style=\"color: #333333;\"><span style=\"color: #333333;\">og\u00f3lnopolskiego systemu zni\u017cek dla Krwiodawc\u00f3w tworzony przez Kluby HDK, wolontariuszy i samych krwiodawc\u00f3w. System \u201eRazem dla Dawc\u00f3w\u201d ma na celu nie tylko zach\u0119canie ludzi do oddawania krwi, ale te\u017c pomaga bezp\u0142atnie promowa\u0107 instytucje, kt\u00f3re wspieraj\u0105 t\u0119 ide\u0119 oraz udzielaj\u0105 rabaty na swoje us\u0142ugi. <\/span><span style=\"color: #333333;\"><span style=\"text-decoration: underline;\">Obecnie szukamy punkt\u00f3w us\u0142ugowych\u00a0<\/span><\/span><span style=\"color: #333333;\"><span style=\"text-decoration: underline;\">z Zielonki i okolic, kt\u00f3re przy\u0142\u0105czy\u0142by si\u0119 do tego programu<\/span><\/span><span style=\"color: #333333;\">. Mo\u017cna zapisa\u0107 si\u0119 przez Internet. Ka\u017cdy kto zarejestruje sw\u00f3j punkt, dostanie specjaln\u0105 nalepk\u0119 (np. drzwi wej\u015bciowe) oraz plakat do powieszenia wewn\u0105trz lokalu us\u0142ugowego. Na stronach systemu oraz oficjalnej KHDK \u201eKrzy\u015b\u201d (krzys.zielonka.pl) pojawi si\u0119 informacja o czynnym uczestniczeniu w tej og\u00f3lnopolskiej akcji.\u00a0<\/span><\/span><\/p>\n<p style=\"text-align: justify;\">\u00a0<strong>W tym roku przypada jubileusz 15-lecia istnienia naszego Klubu<\/strong>. Z tego powodu czekaj\u0105 nas pewne zmiany. Chcieliby\u015bmy od\u015bwie\u017cy\u0107 nasz\u0105 stron\u0119 www i na Facebooku nowymi zdj\u0119ciami i innymi elementami, tj.: wsp\u00f3lnymi zdj\u0119ciami (np. na tle krwiobusu)<br \/>\nw klubowych koszulkach, filmikami, przeprowadzeniu konkursu na has\u0142o (my\u015bl przewodni\u0105, cytat, sentencj\u0119). Je\u017celi kto\u015b ma artystyczn\u0105 dusz\u0119, to r\u00f3wnie\u017c mo\u017ce przesy\u0142a\u0107 swoje prace \ud83d\ude09<\/p>\n<p>Oczywi\u015bcie to jest tylko zarys. Jak b\u0119dzie wi\u0119cej zmian i nowo\u015bci, to bardzo dobrze \ud83d\ude09<\/p>\n<p style=\"text-align: justify;\"><span style=\"color: #333333;\"><span style=\"font-family: 'Times New Roman', serif;\">Z<\/span><\/span><span style=\"color: #333333;\"><span style=\"color: #333333;\">aplanowanych jest pi\u0119\u0107 akcji: 19 lutego, <\/span><span style=\"color: #333333;\">23 kwietnia, 18 czerwca, 20 sierpnia i 15 pa\u017adziernika (tradycyjnie w godz. 10.00 \u2013 13.30, szczeg\u00f3\u0142y dot. miejsca pojawi\u0105 si\u0119 z ok. tygodniowym wyprzedzeniem).<\/span><\/span><\/p>\n<p style=\"text-align: justify;\"><span style=\"color: #333333;\"><span style=\"font-family: 'Times New Roman', serif;\">2<\/span><\/span><span style=\"color: #333333;\"><span style=\"color: #333333;\">3 wrze\u015bnia 2017 r. <\/span><span style=\"color: #333333;\">odb\u0119d\u0105 si\u0119<\/span><span style=\"color: #333333;\"> II Maksymilianalia w Niepokalanowie <\/span><span style=\"color: #333333;\">\u2013 og\u00f3lnopolskie spotkanie \u015brodowisk kolbia\u0144skich, kt\u00f3rych patronem jest \u015bw. Maksymilian Maria Kolbe (m.in. krwiodawc\u00f3w). Wiadomo\u015bci zwi\u0105zane z pierwszym spotkaniem mo\u017cna znale\u017a\u0107 na naszej stronie.<\/span><\/span><\/p>\n<p style=\"text-align: justify;\">Zapisuj\u0105c si\u0119 do \u201eKrzysia\u201d, mo\u017cna otrzymywa\u0107 powiadomienia o zbi\u00f3rkach krwi czy innych wydarzeniach zwi\u0105zanych z naszym Klubem. Nie prowadzimy \u201epapierologi\u201d \u2013 do powiadomie\u0144 wystarczy adres e-mail z podanym imieniem, nazwiskiem (i ew. numerem telefonu) lub poprzez polubienie\/dodanie do znajomych na Facebooku. Tym samym <strong>zapisanie si\u0119 jest bezp\u0142atne<\/strong>!<\/p>\n<p><span style=\"font-family: 'Times New Roman', serif;\"><span><strong>Jeste\u015bmy ruchem spo\u0142ecznym nios\u0105cym pomoc bli\u017aniemu<\/strong>. <\/span><\/span><\/p>\n<p style=\"text-align: justify;\"><span style=\"color: #333333;\"><span style=\"font-family: 'Times New Roman', serif;\">Krwiodawc\u0105 mo\u017ce by\u0107 ka\u017cda zdrowa, pe\u0142noletnia osoba (do 65. roku \u017cycia), kt\u00f3ra wa\u017cy co najmniej 50 kg (ilo\u015b\u0107 pobranej krwi, 450 ml, musi by\u0107 mniejsza ni\u017c 10% og\u00f3lnej ilo\u015bci krwi<br \/>\n<\/span><\/span><span style=\"color: #333333;\"><span style=\"color: #333333;\">w organizmie) i nie przechodzi\u0142a chor\u00f3b dyskwalifikuj\u0105cych na sta\u0142e z oddawania krwi. <\/span><span style=\"color: #333333;\">Nie trzeba zna\u0107 jej grupy.\u00a0<\/span><\/span><\/p>\n<p><span style=\"color: #333333;\"><span style=\"color: #333333;\"> Warto sprawdzi\u0107, czy kwalifikujemy si\u0119 na dawc\u0119 krwi \u2192 <a title=\"kliknij, by przej\u015b\u0107 na stron\u0119\" href=\"http:\/\/krzys.zielonka.pl\/?page_id=576\" target=\"_blank\">TUTAJ<\/a><\/span><\/span><\/p>\n<p>A mo\u017ce maj\u0105 Pa\u0144stwo pomys\u0142y? Zach\u0119camy do <a title=\"klik\" href=\"http:\/\/krzys.zielonka.pl\/?page_id=10\" target=\"_blank\">kontakt<\/a>u.<\/p>\n","protected":false},"excerpt":{"rendered":"<p>W minionym roku Klub Honorowych Dawc\u00f3w Krwi \u201eKrzy\u015b\u201d w Zielonce zorganizowa\u0142 6 akcji honorowego krwiodawstwa. Na ka\u017cd\u0105 akcj\u0119, kt\u00f3re odbywa\u0142y si\u0119 w go\u015bcinnych murach Miejskiego Gimnazjum oraz premierowo przed Urz\u0119dem Miasta przyje\u017cd\u017ca \u2013 tak\u017ce specjalnym ambulansem \u2013 ekipa z Regionalnego Centrum Krwiodawstwa i Krwiolecznictwa w Warszawie. Zesz\u0142oroczne akcj\u0119 przejd\u0105 do \u2026 <a class=\"continue-reading-link\" href=\"https:\/\/krzys.zielonka.pl\/?p=2077\"> Continue reading <span class=\"meta-nav\">&rarr; <\/span><\/a><\/p>\n","protected":false},"author":2,"featured_media":0,"comment_status":"closed","ping_status":"closed","sticky":false,"template":"","format":"standard","meta":{"ngg_post_thumbnail":0,"footnotes":""},"categories":[1],"tags":[],"class_list":["post-2077","post","type-post","status-publish","format-standard","hentry","category-bez-kategorii"],"_links":{"self":[{"href":"https:\/\/krzys.zielonka.pl\/index.php?rest_route=\/wp\/v2\/posts\/2077","targetHints":{"allow":["GET"]}}],"collection":[{"href":"https:\/\/krzys.zielonka.pl\/index.php?rest_route=\/wp\/v2\/posts"}],"about":[{"href":"https:\/\/krzys.zielonka.pl\/index.php?rest_route=\/wp\/v2\/types\/post"}],"author":[{"embeddable":true,"href":"https:\/\/krzys.zielonka.pl\/index.php?rest_route=\/wp\/v2\/users\/2"}],"replies":[{"embeddable":true,"href":"https:\/\/krzys.zielonka.pl\/index.php?rest_route=%2Fwp%2Fv2%2Fcomments&post=2077"}],"version-history":[{"count":1,"href":"https:\/\/krzys.zielonka.pl\/index.php?rest_route=\/wp\/v2\/posts\/2077\/revisions"}],"predecessor-version":[{"id":2080,"href":"https:\/\/krzys.zielonka.pl\/index.php?rest_route=\/wp\/v2\/posts\/2077\/revisions\/2080"}],"wp:attachment":[{"href":"https:\/\/krzys.zielonka.pl\/index.php?rest_route=%2Fwp%2Fv2%2Fmedia&parent=2077"}],"wp:term":[{"taxonomy":"category","embeddable":true,"href":"https:\/\/krzys.zielonka.pl\/index.php?rest_route=%2Fwp%2Fv2%2Fcategories&post=2077"},{"taxonomy":"post_tag","embeddable":true,"href":"https:\/\/krzys.zielonka.pl\/index.php?rest_route=%2Fwp%2Fv2%2Ftags&post=2077"}],"curies":[{"name":"wp","href":"https:\/\/api.w.org\/{rel}","templated":true}]}}