{"id":2083,"date":"2017-01-21T12:30:52","date_gmt":"2017-01-21T11:30:52","guid":{"rendered":"http:\/\/krzys.zielonka.pl\/?p=2083"},"modified":"2017-01-21T15:06:10","modified_gmt":"2017-01-21T14:06:10","slug":"serce-legionu-inauguracja-odznaczenia-klubu-hdk-legion-relacja-zdjecia","status":"publish","type":"post","link":"https:\/\/krzys.zielonka.pl\/?p=2083","title":{"rendered":"&#8220;Serce Legionu\u201d \u2013 inauguracja odznaczenia Klubu HDK \u201eLegion\u201d [RELACJA, ZDJ\u0118CIA]"},"content":{"rendered":"<p align=\"justify\"><a href=\"http:\/\/krzys.zielonka.pl\/wp-content\/uploads\/wordpress\/miniaturka1.jpg\"><img loading=\"lazy\" decoding=\"async\" class=\"alignleft size-thumbnail wp-image-2085\" title=\"miniaturka\" src=\"http:\/\/krzys.zielonka.pl\/wp-content\/uploads\/wordpress\/miniaturka1-150x150.jpg\" alt=\"\" width=\"150\" height=\"150\" \/><\/a>W miniony pi\u0105tek, 20 stycznia br., mury warszawskiego Centrum Konferencyjnego Wojska Polskiego go\u015bci\u0142y ponad 300 krwiodawc\u00f3w z ca\u0142ej Polski na inauguracji odznacze\u0144 \u201eSerce Legionu\u201d przyznawanych najbardziej aktywnym mundurowym (m.in. \u017co\u0142nierzom, policjantom, stra\u017cakom) oraz cywilnym krwiodawcom. Organizatorami gali by\u0142y Centrum Weterana oraz Wojskowe Kluby HDK. W\u015br\u00f3d zaproszonych byli te\u017c przedstawiciele naszego Klubu.<br \/>\n<!--more--><\/p>\n<p align=\"justify\">Na pocz\u0105tku gali mia\u0142o miejsce przedstawienie dzia\u0142alno\u015bci Klubu HDK PCK \u201eLegion\u201d, kt\u00f3ry dzia\u0142a w kilku miastach powiatu legionowskiego. Poza akcjami zbi\u00f3rki krwi, cz\u0142onkowie klubu anga\u017cuj\u0105 si\u0119 w wiele inicjatyw spo\u0142ecznych i pomocy potrzebuj\u0105cym.<\/p>\n<p align=\"justify\"><span style=\"text-decoration: underline;\">Odznaczenie \u201eSerce Legionu\u201d &#8211; KRWIODAWSTWO\/PCK<br \/>\n<iframe loading=\"lazy\" src=\"https:\/\/www.youtube.com\/embed\/doo95guBPAA\" frameborder=\"0\" width=\"753\" height=\"480\"><\/iframe><br \/>\n<\/span><\/p>\n<p>\u00a0G\u0142\u00f3wnym punktem gali by\u0142o odznaczenie \u201eSerce Legionu\u201d b\u0119d\u0105cym wyrazem najwy\u017cszego uznania, podziwu, szacunku oraz podzi\u0119kowania za Dar \u017bycia, szlachetn\u0105 postaw\u0119 oraz wsparcie w idei Honorowego Krwiodawstwa. Najpierw obejrzeli\u015bmy film, a nast\u0119pnie gospodarze gali wr\u0119czyli je najbardziej aktywnym krwiodawcom. Dodatkowo zarz\u0105d PCK w Warszawie wr\u0119czy\u0142 nast\u0119puj\u0105ce odznaczenia: Honorowy Dawca Krwi \u2013 Zas\u0142u\u017cony dla Zdrowia Narodu oraz Zas\u0142u\u017cony Honorowy Dawca Krwi.<\/p>\n<p align=\"justify\">Go\u015bcie mieli okazj\u0119 obejrze\u0107 prezentacj\u0119 og\u00f3lnopolskiego programu \u201eRazem dla Dawc\u00f3w\u201d, w kt\u00f3rym us\u0142ugodawcy oferuj\u0105 zni\u017cki krwiodawcom. Ostatnim punktem programu by\u0142o przybli\u017cenie historii Wojskowego Krwiodawstwa oraz Wojskowych Klub\u00f3w HDK PCK\u201d.<\/p>\n<p align=\"justify\">ngg_shortcode_0_placeholder<\/p>\n<p align=\"justify\">Uczestnicy mogli te\u017c obejrze\u0107 wystaw\u0119 pt. \u201e<em>W boju i w potrzebie krwi w\u0142asnej nie szcz\u0119dz\u0105c&#8230;<\/em>\u201d <strong>*<\/strong>, kt\u00f3ra by\u0142a po\u015bwi\u0119cona weteranom oddaj\u0105cym krew, \u017ceby ratowa\u0107 \u017cycie ludzkie i tematyce zwi\u0105zanej z honorowym oddawaniem krwi.<\/p>\n<p align=\"justify\">&#8212;<br \/>\n<em>\u017ar\u00f3d\u0142o: materia\u0142y organizatora \/ KHDK &#8220;Krzy\u015b&#8221;<br \/>\n<\/em><em>zdj\u0119cia: KHDK \u201eKrzy\u015b\u201d (na miniaturce Agnieszka Bu\u0142hak, Miros\u0142aw i Marzena G\u0105sowscy)<br \/>\n<\/em><em>link (o odznaczeniu &#8220;Serce Legionu&#8221;): <a title=\"Klub HDK PCK &quot;Legion&quot;\" href=\"http:\/\/legionhdk.pl\/legion-klub-hdk-pck\/odznaczenie-serce-legionu\/inauguracja-serca-legionu\/\" target=\"_blank\">Klub HDK PCK \u201eLegion\u201d<\/a><\/em><\/p>\n<p align=\"justify\"><strong><em>* <\/em><\/strong>fragment roty przysi\u0119gi wojskowej (ustawa z dn. 3 pa\u017adziernika 1992 r. o przysi\u0119dze wojskowej)<\/p>\n<p align=\"justify\"><strong>PS.<\/strong> W tym miejscu chcieliby\u015bmy podzi\u0119kowa\u0107 Panu plut. Robertowi Kowalewskiemu, prezesowi Klubu HDK PCK Legion, za zaproszenie na gal\u0119 \u201eSerce Legionu\u201d oraz Regionalnemu Centrum Krwiodawstwa i Krwiolecznictwa w Warszawie za statuetk\u0119<br \/>\nw uznaniu naszej dzia\u0142alno\u015bci w propagowaniu idei honorowego krwiodawstwa.<\/p>\n","protected":false},"excerpt":{"rendered":"<p>W miniony pi\u0105tek, 20 stycznia br., mury warszawskiego Centrum Konferencyjnego Wojska Polskiego go\u015bci\u0142y ponad 300 krwiodawc\u00f3w z ca\u0142ej Polski na inauguracji odznacze\u0144 \u201eSerce Legionu\u201d przyznawanych najbardziej aktywnym mundurowym (m.in. \u017co\u0142nierzom, policjantom, stra\u017cakom) oraz cywilnym krwiodawcom. Organizatorami gali by\u0142y Centrum Weterana oraz Wojskowe Kluby HDK. W\u015br\u00f3d zaproszonych byli te\u017c przedstawiciele naszego \u2026 <a class=\"continue-reading-link\" href=\"https:\/\/krzys.zielonka.pl\/?p=2083\"> Continue reading <span class=\"meta-nav\">&rarr; <\/span><\/a><\/p>\n","protected":false},"author":2,"featured_media":0,"comment_status":"closed","ping_status":"closed","sticky":false,"template":"","format":"standard","meta":{"ngg_post_thumbnail":0,"footnotes":""},"categories":[1],"tags":[],"class_list":["post-2083","post","type-post","status-publish","format-standard","hentry","category-bez-kategorii"],"_links":{"self":[{"href":"https:\/\/krzys.zielonka.pl\/index.php?rest_route=\/wp\/v2\/posts\/2083","targetHints":{"allow":["GET"]}}],"collection":[{"href":"https:\/\/krzys.zielonka.pl\/index.php?rest_route=\/wp\/v2\/posts"}],"about":[{"href":"https:\/\/krzys.zielonka.pl\/index.php?rest_route=\/wp\/v2\/types\/post"}],"author":[{"embeddable":true,"href":"https:\/\/krzys.zielonka.pl\/index.php?rest_route=\/wp\/v2\/users\/2"}],"replies":[{"embeddable":true,"href":"https:\/\/krzys.zielonka.pl\/index.php?rest_route=%2Fwp%2Fv2%2Fcomments&post=2083"}],"version-history":[{"count":10,"href":"https:\/\/krzys.zielonka.pl\/index.php?rest_route=\/wp\/v2\/posts\/2083\/revisions"}],"predecessor-version":[{"id":2093,"href":"https:\/\/krzys.zielonka.pl\/index.php?rest_route=\/wp\/v2\/posts\/2083\/revisions\/2093"}],"wp:attachment":[{"href":"https:\/\/krzys.zielonka.pl\/index.php?rest_route=%2Fwp%2Fv2%2Fmedia&parent=2083"}],"wp:term":[{"taxonomy":"category","embeddable":true,"href":"https:\/\/krzys.zielonka.pl\/index.php?rest_route=%2Fwp%2Fv2%2Fcategories&post=2083"},{"taxonomy":"post_tag","embeddable":true,"href":"https:\/\/krzys.zielonka.pl\/index.php?rest_route=%2Fwp%2Fv2%2Ftags&post=2083"}],"curies":[{"name":"wp","href":"https:\/\/api.w.org\/{rel}","templated":true}]}}