{"id":2481,"date":"2018-05-20T13:02:15","date_gmt":"2018-05-20T11:02:15","guid":{"rendered":"http:\/\/krzys.zielonka.pl\/?p=2481"},"modified":"2019-10-14T15:10:23","modified_gmt":"2019-10-14T13:10:23","slug":"rodo-a-powiadomienia-od-khdk-krzys-wazne","status":"publish","type":"post","link":"https:\/\/krzys.zielonka.pl\/?p=2481","title":{"rendered":"RODO a powiadomienia od KHDK &#8220;Krzy\u015b&#8221; [WA\u017bNE]"},"content":{"rendered":"<p align=\"justify\"><span style=\"font-family: 'Liberation Serif', serif;\"><span style=\"font-size: medium;\"><a href=\"http:\/\/krzys.zielonka.pl\/wp-content\/uploads\/wordpress\/received_844066662661122.png\"><img loading=\"lazy\" decoding=\"async\" class=\"alignleft size-thumbnail wp-image-2691\" title=\"Nowe logo KHDK &quot;Krzy\u015b&quot;\" src=\"http:\/\/krzys.zielonka.pl\/wp-content\/uploads\/wordpress\/received_844066662661122-150x150.png\" alt=\"\" width=\"150\" height=\"150\" \/><\/a>25 maja 2018\u00a0r.\u00a0zacznie obowi\u0105zywa\u0107 Rozporz\u0105dzenie Parlamentu Europejskiego i\u00a0Rady (UE) 2016\/679 z\u00a0dnia 27 kwietnia 2016 r. w\u00a0sprawie ochrony os\u00f3b fizycznych w\u00a0zwi\u0105zku z\u00a0przetwarzaniem danych osobowych i\u00a0w\u00a0sprawie swobodnego przep\u0142ywu takich danych oraz\u00a0uchylenia dyrektywy 95\/46\/WE (okre\u015blane jako &#8220;RODO&#8221;, &#8220;ORODO&#8221;, &#8220;GDPR&#8221; lub\u00a0&#8220;Og\u00f3lne Rozporz\u0105dzenie o\u00a0Ochronie Danych&#8221;).<\/span><\/span><\/p>\n<p align=\"justify\">\u00a0<span style=\"font-size: medium; color: #000000; font-family: 'Liberation Serif', serif;\">W zwi\u0105zku z\u00a0tym\u00a0chcieliby\u015bmy poinformowa\u0107 Pani\u0105\/Pana o\u00a0przetwarzaniu Pani\/Pana danych oraz\u00a0zasadach, na\u00a0jakich b\u0119dzie si\u0119 to\u00a0odbywa\u0142o po\u00a0dniu 25 maja 2018\u00a0r. <strong>Poni\u017cej podstawowe informacje na\u00a0ten temat. Warto si\u0119 z nimi zapozna\u0107<\/strong>.<\/span><\/p>\n<p align=\"justify\"><!--more--><\/p>\n<p align=\"justify\"><span style=\"font-family: 'Liberation Serif', serif;\"><span style=\"font-size: medium;\"><strong>Czym s\u0105 dane osobowe<\/strong><\/span><\/span><\/p>\n<p align=\"justify\"><span style=\"font-family: 'Liberation Serif', serif;\"><span style=\"color: #000000;\"><span style=\"font-size: medium;\">Dane osobowe to, zgodnie z RODO, informacje o zidentyfikowanej lub mo\u017cliwej do zidentyfikowania osobie fizycznej. W przypadku KHDK \u201eKrzy\u015b\u201d (administratora) takimi danymi s\u0105 przede wszystkim adresy e-mail, na kt\u00f3re wysy\u0142ane s\u0105 powiadomienia zwi\u0105zane z KHDK \u201eKrzy\u015b\u201d, np. informacje o zbli\u017caj\u0105cych si\u0119 akcjach honorowego oddawania krwi w Zielonce. <\/span><\/span><span style=\"font-size: medium;\"><br \/>\n<\/span><span style=\"color: #000000;\"><span style=\"font-size: medium;\">Przetwarzanie danych osobowych wymaga podstawy prawnej. RODO przewiduje kilka rodzaj\u00f3w takich podstaw prawnych dla przetwarzania danych, a w przypadkach korzystania z naszych us\u0142ug wyst\u0105pi\u0105, co do zasady trzy z nich:<\/span><\/span><\/span><\/p>\n<p align=\"justify\"><span style=\"font-family: 'Liberation Serif', serif;\"><span style=\"font-size: medium;\"><br \/>\n<\/span><span style=\"color: #000000;\"><span style=\"font-size: medium;\">1. Niezb\u0119dno\u015b\u0107 przetwarzania do wymiany korespondencji mailowej, kt\u00f3rej jest Pan<\/span><\/span><span style=\"color: #000000;\"><span style=\"font-size: medium;\">i<\/span><\/span><span style=\"color: #000000;\"><span style=\"font-size: medium;\">\/Pan stron\u0105. Umowa to, w naszym przypadku, regulamin danej us\u0142ugi. Je\u015bli zatem zawieramy z <\/span><\/span><span style=\"color: #000000;\"><span style=\"font-size: medium;\">Pani\u0105\/Panem<\/span><\/span><span style=\"color: #000000;\"><span style=\"font-size: medium;\"> umow\u0119 o realizacj\u0119 danej us\u0142ugi (np. us\u0142ugi zapewniaj\u0105cej mo\u017cliwo\u015b\u0107 zapoznania si\u0119 z <\/span><\/span><span style=\"color: #000000;\"><span style=\"font-size: medium;\">naszym serwisem<\/span><\/span><span style=\"color: #000000;\"><span style=\"font-size: medium;\">, to mo\u017cemy przetwarza\u0107 <\/span><\/span><span style=\"color: #000000;\"><span style=\"font-size: medium;\">Pani\/Pana<\/span><\/span><span style=\"color: #000000;\"><span style=\"font-size: medium;\"> dane w zakresie niezb\u0119dnym do realizacji tej umowy. W przypadku, gdy zak\u0142adasz u nas konto <\/span><\/span><span style=\"color: #000000;\"><span style=\"font-size: medium;\">do powiadomie\u0144 mailowych<\/span><\/span><span style=\"color: #000000;\"><span style=\"font-size: medium;\">, to umowa o dostarczenie tego konta upowa\u017cnia nas do przetwarzania danych niezb\u0119dnych do jego zapewnienia. Bez tej mo\u017cliwo\u015bci nie byliby\u015bmy w stanie zapewni\u0107 <\/span><\/span><span style=\"color: #000000;\"><span style=\"font-size: medium;\">Pani\/Panu<\/span><\/span><span style=\"color: #000000;\"><span style=\"font-size: medium;\"> us\u0142ugi, a <\/span><\/span><span style=\"color: #000000;\"><span style=\"font-size: medium;\">Pani\/Pan<\/span><\/span><span style=\"color: #000000;\"><span style=\"font-size: medium;\"> nie m\u00f3g\u0142by z niej korzysta\u0107.<\/span><\/span><\/span><\/p>\n<p align=\"justify\"><span style=\"font-family: 'Liberation Serif', serif;\"><span style=\"font-size: medium;\">2. Niezb\u0119dno\u015b\u0107 przetwarzania do cel\u00f3w wynikaj\u0105cych z prawnie uzasadnionych interes\u00f3w realizowanych przez administratora. <\/span><\/span><\/p>\n<p align=\"justify\"><span style=\"font-family: 'Liberation Serif', serif;\"><span style=\"color: #000000;\"><span style=\"font-size: medium;\">3. Dobrowolna zgoda jest potrzebna g\u0142\u00f3wnie w przypadku, gdy us\u0142ugi marketingowe dostarcza Klub Honorowych Dawc\u00f3w Krwi \u201eKrzy\u015b\u201d. Aby m\u00f3c pokaza\u0107 interesuj\u0105ce <\/span><\/span><span style=\"color: #000000;\"><span style=\"font-size: medium;\">Pani\u0105\/Pana<\/span><\/span><span style=\"color: #000000;\"><span style=\"font-size: medium;\">powiadomienia<\/span><\/span><span style=\"color: #000000;\"><span style=\"font-size: medium;\"> mus<\/span><\/span><span style=\"color: #000000;\"><span style=\"font-size: medium;\">imy<\/span><\/span><span style=\"color: #000000;\"><span style=\"font-size: medium;\"> mie\u0107 mo\u017cliwo\u015b\u0107 przetwarzania <\/span><\/span><span style=\"color: #000000;\"><span style=\"font-size: medium;\">Pani\/Pana<\/span><\/span><span style=\"color: #000000;\"><span style=\"font-size: medium;\"> danych. Udzielenie takiej zgody jest ca\u0142kowicie dobrowolne. Dzi\u0119ki naszemu rozwi\u0105zaniu ma <\/span><\/span><span style=\"color: #000000;\"><span style=\"font-size: medium;\">Pani\/Pan<\/span><\/span><span style=\"color: #000000;\"><span style=\"font-size: medium;\"> r\u00f3wnie\u017c mo\u017cliwo\u015b\u0107 ograniczenia zakresu lub zmiany zgody w dowolnym momencie. <\/span><\/span><span style=\"color: #000000;\"><span style=\"font-size: medium;\">P<\/span><\/span><span style=\"color: #000000;\"><span style=\"font-size: medium;\">ozosta\u0142e uprawnienia wynikaj\u0105ce z udzielenia zgody s\u0105 opisane poni\u017cej.<\/span><\/span><\/span><\/p>\n<p align=\"justify\"><span style=\"font-family: 'Liberation Serif', serif;\"><span style=\"color: #000000;\"><span style=\"font-size: medium;\">D<\/span><\/span><span style=\"color: #000000;\"><span style=\"font-size: medium;\">ane, w ramach naszych us\u0142ug, przetwarzane b\u0119d\u0105 wy\u0142\u0105cznie w przypadku posiadania przez nas lub inny podmiot przetwarzaj\u0105cy dane jednej z dopuszczonych przez RODO podstaw prawnych<br \/>\ni wy\u0142\u0105cznie w celu dostosowanym do danej podstawy, zgodnie z opisem powy\u017cej. <\/span><\/span><span style=\"color: #000000;\"><span style=\"font-size: medium;\">Pani\/Pana <\/span><\/span><span style=\"color: #000000;\"><span style=\"font-size: medium;\">dane przetwarzane b\u0119d\u0105 do czasu istnienia podstawy do ich przetwarzania \u2013 czyli w przypadku udzielenia zgody do momentu jej cofni\u0119cia, ograniczenia lub innych dzia\u0142a\u0144 z <\/span><\/span><span style=\"color: #000000;\"><span style=\"font-size: medium;\">Pani\/Pana<\/span><\/span><span style=\"color: #000000;\"><span style=\"font-size: medium;\"> strony ograniczaj\u0105cych t\u0119 zgod\u0119, w przypadku niezb\u0119dno\u015bci danych do wykonania umowy \u2013 przez czas jej wykonywania, a w przypadku, gdy podstaw\u0105 przetwarzania danych jest uzasadniony interes administratora \u2013 do czasu istnienia tego uzasadnionego interesu.<\/span><\/span><\/span><\/p>\n<h3 align=\"justify\"><span style=\"font-family: 'Liberation Serif', serif;\"><strong><span style=\"font-size: medium;\">Kto b\u0119dzie administratorem Pani\/Pana danych?<\/span><\/strong><\/span><\/h3>\n<p align=\"justify\"><span style=\"font-family: 'Liberation Serif', serif;\"><span style=\"font-size: medium;\">Administratorem Pani\/Pana danych b\u0119dzie Klub Honorowych Dawc\u00f3w Krwi \u201eKrzy\u015b\u201d w Zielonce, a odbiorc\u0105 danych jest p.o. prezesa Klubu Honorowych Dawc\u00f3w Krwi \u201eKrzy\u015b\u201d w Zielonce &#8211; Tomasz G\u00f3rski (dane kontaktowe na stronie krzys.zielonka.pl w zak\u0142adce <\/span><span style=\"font-size: medium;\"><em>kontakt<\/em><\/span><span style=\"font-size: medium;\">).<\/span><\/span><\/p>\n<h3 align=\"justify\">\u00a0<strong style=\"font-size: medium; font-family: 'Liberation Serif', serif;\">O jakich danych m\u00f3wimy?<\/strong><\/h3>\n<p align=\"justify\"><span style=\"font-family: 'Liberation Serif', serif;\"><span style=\"font-size: medium;\">Chodzi o\u00a0dane osobowe, kt\u00f3re s\u0105 zbierane w\u00a0ramach korzystania przez Pani\/Pana z\u00a0naszych us\u0142ug, w\u00a0tym\u00a0strony internetowej powiadomie\u0144 mailowych i na Facebooku.<\/span><\/span><\/p>\n<p align=\"justify\">\u00a0<strong style=\"font-size: medium; font-family: 'Liberation Serif', serif;\">Dlaczego chcemy przetwarza\u0107 Pani\/Pana dane?<\/strong><\/p>\n<p align=\"justify\"><span style=\"font-family: 'Liberation Serif', serif;\"><span style=\"font-size: medium;\">Przetwarzamy te dane w\u00a0celach wpisanych w\u00a0dzia\u0142alno\u015b\u0107 Klubu Honorowych Dawc\u00f3w Krwi, tj. promocj\u0119 idei honorowego oddawania krwi, informowania o zbli\u017caj\u0105cych si\u0119 zbi\u00f3rkach krwi<br \/>\nw zielonce czy innych wydarzeniach zwi\u0105zanych z \u201eKrzysiem\u201d.<\/span><\/span><\/p>\n<h3 align=\"justify\">\u00a0<strong style=\"font-size: medium; font-family: 'Liberation Serif', serif;\">Jakie ma Pani\/Pan prawa w\u00a0stosunku do\u00a0swoich danych?<\/strong><\/h3>\n<p align=\"justify\"><span style=\"font-family: 'Liberation Serif', serif;\"><span style=\"font-size: medium;\">Mi\u0119dzy innymi prawo do\u00a0\u017c\u0105dania dost\u0119pu do\u00a0danych, sprostowania, usuni\u0119cia lub\u00a0ograniczenia ich\u00a0przetwarzania. Dodatkowo mo\u017ce Pani\/Pan tak\u017ce\u00a0wycofa\u0107 zgod\u0119 na\u00a0przetwarzanie danych osobowych.<\/span><\/span><\/p>\n<p align=\"justify\">\u00a0<strong style=\"font-size: medium; font-family: 'Liberation Serif', serif;\">Jakie s\u0105 podstawy prawne przetwarzania Pani\/Pana danych?<\/strong><\/p>\n<p align=\"justify\"><span style=\"font-family: 'Liberation Serif', serif;\"><span style=\"font-size: medium;\">Ka\u017cde przetwarzanie Pani\/Pana danych musi by\u0107 oparte na\u00a0w\u0142a\u015bciwej, zgodnej z\u00a0obowi\u0105zuj\u0105cymi przepisami, podstawie prawnej. Podstaw\u0105 prawn\u0105 przetwarzania <\/span><span style=\"font-size: medium;\">Pani\/Pana<\/span><span style=\"font-size: medium;\"> danych w\u00a0celu \u015bwiadczenia us\u0142ug, w\u00a0tym\u00a0dopasowywania ich\u00a0do\u00a0<\/span><span style=\"font-size: medium;\">Pani\/Pana<\/span><span style=\"font-size: medium;\"> zainteresowa\u0144, analizowania ich\u00a0i\u00a0udoskonalania oraz\u00a0zapewniania ich\u00a0bezpiecze\u0144stwa jest niezb\u0119dno\u015b\u0107 do\u00a0wykonania um\u00f3w o\u00a0ich\u00a0\u015bwiadczenie (tymi umowami s\u0105 zazwyczaj regulaminy lub\u00a0podobne dokumenty dost\u0119pne w\u00a0us\u0142ugach, z\u00a0kt\u00f3rych korzystasz). Tak\u0105 podstaw\u0105 prawn\u0105 dla pomiar\u00f3w statystycznych i\u00a0marketingu w\u0142asnego administrator\u00f3w jest tzw. uzasadniony interes administratora. Przetwarzanie <\/span><span style=\"font-size: medium;\">Pani\/Pana<\/span><span style=\"font-size: medium;\"> danych w\u00a0celach marketingowych podmiot\u00f3w trzecich b\u0119dzie odbywa\u0107 si\u0119 na\u00a0podstawie <\/span><span style=\"font-size: medium;\">Pani\/Pana<\/span><span style=\"font-size: medium;\"> dobrowolnej zgody.<\/span><\/span><\/p>\n<p align=\"justify\">\u00a0&#8212;&#8212;&#8212;&#8212;&#8212;&#8212;&#8212;&#8212;&#8212;&#8212;&#8212;&#8212;&#8212;&#8212;&#8212;&#8212;&#8212;&#8212;&#8212;&#8212;&#8212;-<\/p>\n<p align=\"justify\"><span style=\"font-family: 'Liberation Serif', serif; color: #ff0000;\"><span style=\"font-size: medium;\">Mailowe powiadomienia o akcjach honorowego oddawania krwi \u2013 wyra\u017cenie i wycofanie zgody<\/span><\/span><\/p>\n<p align=\"justify\">\u00a0<span style=\"font-size: medium;\">Chc\u0105c otrzymywa\u0107 powiadomienia na skrzynk\u0119 mailow\u0105 zwi\u0105zane z dzia\u0142alno\u015bci\u0105 Klubu HDK \u201eKrzy\u015b\u201d, <\/span><span style=\"font-size: medium;\"><span style=\"text-decoration: underline;\">prosimy o przes\u0142anie w wiadomo\u015bci zwrotnej (w odpowiedzi na tego maila) nast\u0119puj\u0105cej klauzuli wraz z dat\u0105<\/span><\/span><span style=\"font-size: medium;\">:<\/span><\/p>\n<p align=\"justify\"><span style=\"font-size: medium;\"><strong>W dniu \u2026\u2026\u2026\u2026.. r. z<\/strong><\/span><span style=\"font-size: medium;\"><strong>gadzam si\u0119 na przetwarzanie moich danych osobowych przez Klub Honorowych Dawc\u00f3w Krwi \u201eKrzy\u015b\u201d w Zielonce w celu marketingowym i promocyjnym, zwi\u0105zanym z dzia\u0142alno\u015bci\u0105 Klubu<span style=\"font-family: 'Liberation Serif', serif;\">.<\/span><\/strong><\/span><\/p>\n<p align=\"justify\"><span style=\"font-family: 'Liberation Serif', serif;\"><span style=\"font-size: medium;\"><strong>Podanie danych jest dobrowolne. Podstaw\u0105 przetwarzania danych jest moja zgoda. Odbiorc\u0105 danych jest p.o. prezesa Klubu Honorowych Dawc\u00f3w Krwi \u201eKrzy\u015b\u201d w Zielonce &#8211; Tomasz G\u00f3rski (dane kontaktowe na stronie krzys.zielonka.pl w zak\u0142adce <\/strong><\/span><span style=\"font-size: medium;\"><em><strong>kontakt<\/strong><\/em><\/span><span style=\"font-size: medium;\"><strong>).<\/strong><\/span><\/span><\/p>\n<p align=\"justify\"><span style=\"font-family: 'Liberation Serif', serif;\"><span style=\"font-size: medium;\"><strong>Mam prawo wycofania zgody w dowolnym momencie. Dane osobowe b\u0119d\u0105 przetwarzane do momentu odwo\u0142ania zgody.<\/strong><\/span><\/span><\/p>\n<p align=\"justify\"><span style=\"font-family: 'Liberation Serif', serif;\"><span style=\"font-size: medium;\"><strong>Mam prawo \u017c\u0105dania od administratora dost\u0119pu do moich danych osobowych, ich sprostowania, usuni\u0119cia lub ograniczenia przetwarzania a tak\u017ce prawo wniesienia skargi do organu nadzorczego.<\/strong><\/span><\/span><\/p>\n<p align=\"justify\">\u00a0<span style=\"font-size: medium;\"><strong>Podstawa prawna \u2013 art. 6, art. 12 i 13 RODO<\/strong><\/span><span style=\"font-size: medium;\">.<\/span><\/p>\n<p align=\"justify\"><span style=\"font-size: medium; font-family: 'Liberation Serif', serif;\">Imi\u0119 i nazwisko<\/span><\/p>\n<p align=\"justify\"><span style=\"font-family: 'Liberation Serif', serif;\"><span style=\"font-size: medium;\">***<\/span><\/span><\/p>\n<p align=\"justify\"><span style=\"font-family: 'Liberation Serif', serif;\"><span style=\"font-size: medium;\"><br \/>\nCi z Pa\u0144stwa, kt\u00f3rzy otrzymuj\u0105 mailowe powiadomienia, a ju\u017c nie chc\u0105, prosimy o przes\u0142anie<br \/>\nw odpowiedzi na tego maila nast\u0119puj\u0105c\u0105 klauzul\u0119: <\/span><\/span><\/p>\n<p align=\"justify\"><span style=\"font-family: 'Liberation Serif', serif;\"><span style=\"font-size: medium;\"><strong>W dniu &#8230;&#8230;&#8230;&#8230;&#8230;&#8230;&#8230;&#8230;.. r. nie wyra\u017cam zgody na przetwarzanie moich danych osobowych przez Klub Honorowych Dawc\u00f3w Krwi \u201eKrzy\u015b\u201d w Zielonce w celu marketingowym, zwi\u0105zanym z dzia\u0142alno\u015bci\u0105 Klubu<\/strong><\/span><span style=\"font-size: medium;\">.<\/span><\/span><\/p>\n<p align=\"justify\"><span style=\"font-family: 'Liberation Serif', serif;\"><span style=\"font-size: medium;\"><strong>Podstawa prawne \u2013 art. 7 ust. 3 RODO<\/strong><\/span><\/span><\/p>\n<p align=\"justify\"><span style=\"font-family: 'Liberation Serif', serif;\"><span style=\"font-size: medium;\">Imi\u0119 i nazwisko<\/span><\/span><\/p>\n<p align=\"justify\">\u00a0<span style=\"font-size: medium; font-family: 'Liberation Serif', serif;\">***<\/span><\/p>\n<p align=\"justify\"><span style=\"font-size: medium; font-family: 'Liberation Serif', serif;\">Po wys\u0142aniu tej drugiej wiadomo\u015bci Pana\/Pani e-mail zostanie usuni\u0119ty z bazy danych, kt\u00f3rej administratorem jest Klub Honorowych Dawc\u00f3w Krwi \u201eKrzy\u015b\u201d w Zielonce. Tym samym nie b\u0119dziemy wysy\u0142a\u0107 powiadomie\u0144 na adres mailowy.<\/span><\/p>\n<p align=\"justify\">\u00a0<span style=\"font-size: medium; font-family: 'Liberation Serif', serif;\">Przypominamy, \u017ce informacje o akcjach zbi\u00f3rki krwi pojawiaj\u0105 si\u0119 na stronie krzys.zielonka.pl oraz na fanpage&#8217;u <a title=\"Kliknij\" href=\"https:\/\/www.facebook.com\/Krzy%C5%9B-Klub-HDK-1406585656287006\/\" target=\"_blank\">Krzy\u015b Klub HDK<\/a>.<\/span><\/p>\n","protected":false},"excerpt":{"rendered":"<p>25 maja 2018\u00a0r.\u00a0zacznie obowi\u0105zywa\u0107 Rozporz\u0105dzenie Parlamentu Europejskiego i\u00a0Rady (UE) 2016\/679 z\u00a0dnia 27 kwietnia 2016 r. w\u00a0sprawie ochrony os\u00f3b fizycznych w\u00a0zwi\u0105zku z\u00a0przetwarzaniem danych osobowych i\u00a0w\u00a0sprawie swobodnego przep\u0142ywu takich danych oraz\u00a0uchylenia dyrektywy 95\/46\/WE (okre\u015blane jako &#8220;RODO&#8221;, &#8220;ORODO&#8221;, &#8220;GDPR&#8221; lub\u00a0&#8220;Og\u00f3lne Rozporz\u0105dzenie o\u00a0Ochronie Danych&#8221;). \u00a0W zwi\u0105zku z\u00a0tym\u00a0chcieliby\u015bmy poinformowa\u0107 Pani\u0105\/Pana o\u00a0przetwarzaniu Pani\/Pana danych oraz\u00a0zasadach, na\u00a0jakich \u2026 <a class=\"continue-reading-link\" href=\"https:\/\/krzys.zielonka.pl\/?p=2481\"> Continue reading <span class=\"meta-nav\">&rarr; <\/span><\/a><\/p>\n","protected":false},"author":2,"featured_media":0,"comment_status":"closed","ping_status":"closed","sticky":false,"template":"","format":"standard","meta":{"ngg_post_thumbnail":0,"footnotes":""},"categories":[1],"tags":[],"class_list":["post-2481","post","type-post","status-publish","format-standard","hentry","category-bez-kategorii"],"_links":{"self":[{"href":"https:\/\/krzys.zielonka.pl\/index.php?rest_route=\/wp\/v2\/posts\/2481","targetHints":{"allow":["GET"]}}],"collection":[{"href":"https:\/\/krzys.zielonka.pl\/index.php?rest_route=\/wp\/v2\/posts"}],"about":[{"href":"https:\/\/krzys.zielonka.pl\/index.php?rest_route=\/wp\/v2\/types\/post"}],"author":[{"embeddable":true,"href":"https:\/\/krzys.zielonka.pl\/index.php?rest_route=\/wp\/v2\/users\/2"}],"replies":[{"embeddable":true,"href":"https:\/\/krzys.zielonka.pl\/index.php?rest_route=%2Fwp%2Fv2%2Fcomments&post=2481"}],"version-history":[{"count":8,"href":"https:\/\/krzys.zielonka.pl\/index.php?rest_route=\/wp\/v2\/posts\/2481\/revisions"}],"predecessor-version":[{"id":2725,"href":"https:\/\/krzys.zielonka.pl\/index.php?rest_route=\/wp\/v2\/posts\/2481\/revisions\/2725"}],"wp:attachment":[{"href":"https:\/\/krzys.zielonka.pl\/index.php?rest_route=%2Fwp%2Fv2%2Fmedia&parent=2481"}],"wp:term":[{"taxonomy":"category","embeddable":true,"href":"https:\/\/krzys.zielonka.pl\/index.php?rest_route=%2Fwp%2Fv2%2Fcategories&post=2481"},{"taxonomy":"post_tag","embeddable":true,"href":"https:\/\/krzys.zielonka.pl\/index.php?rest_route=%2Fwp%2Fv2%2Ftags&post=2481"}],"curies":[{"name":"wp","href":"https:\/\/api.w.org\/{rel}","templated":true}]}}