{"id":2488,"date":"2018-06-10T18:39:18","date_gmt":"2018-06-10T16:39:18","guid":{"rendered":"http:\/\/krzys.zielonka.pl\/?p=2488"},"modified":"2018-06-10T19:16:06","modified_gmt":"2018-06-10T17:16:06","slug":"po-nitce-do-kadzielni-zlot-krwiodawcow-w-kielcach-relacja-zdjecia","status":"publish","type":"post","link":"https:\/\/krzys.zielonka.pl\/?p=2488","title":{"rendered":"Po nitce do&#8230; kadzielni. Zlot krwiodawc\u00f3w w Kielcach [RELACJA, ZDJ\u0118CIA]"},"content":{"rendered":"<p style=\"text-align: justify;\" lang=\"zxx\"><a href=\"http:\/\/krzys.zielonka.pl\/wp-content\/uploads\/wordpress\/IMG_20180609_201554_HDR.jpg\"><img loading=\"lazy\" decoding=\"async\" class=\"alignleft size-thumbnail wp-image-2495\" title=\"Trasa Czerwonej Nitki - Kielce 2018\" src=\"http:\/\/krzys.zielonka.pl\/wp-content\/uploads\/wordpress\/IMG_20180609_201554_HDR-150x150.jpg\" alt=\"\" width=\"150\" height=\"150\" \/><\/a>Po Warszawie i Szczecinie gospodarzem trzeciej edycji Trasy Czerwonej Nitki by\u0142y Kielce. Amfiteatr <em>Kadzielnia<\/em> po\u0142o\u017cony w malowniczej okolicy wzg\u00f3rza powsta\u0142ego z wapieni w po\u0142udniowo-zachodniej cz\u0119\u015bci miasta zgromadzi\u0142 spor\u0105 grup\u0119 krwiodawc\u00f3w z ca\u0142ej Polski. Celem kampanii w ramach akcji &#8220;Twoja krew, moje \u017cycie&#8221; jest promocja idei krwiodawstwa oraz zach\u0119canie ludzi do czynnego udzia\u0142u w akcjach honorowego oddawania krwi.\u00a0<!--more--><\/p>\n<p style=\"text-align: justify;\" lang=\"zxx\">W por\u00f3wnaniu z poprzednimi edycjami tego \u015awi\u0119ta Krwiodawc\u00f3w, wi\u0119kszy nacisk postawiono na interakcj\u0119 z widowni\u0105. Dla uczestnik\u00f3w przewidziano wiele konkurs\u00f3w z nagrodami. Dodatkowo kilkudziesi\u0119ciu Krwiodawc\u00f3w odebra\u0142o z r\u0105k wiceministra zdrowia Zbigniewa Kr\u00f3la odznak\u0119 Honorowy Dawca Krwi \u2013 Zas\u0142u\u017cony dla Zdrowia Narodu.<\/p>\n<ul>\n<li><a title=\"kliknij, by przej\u015b\u0107 do artyku\u0142u\" href=\"http:\/\/krzys.zielonka.pl\/?p=2203\" target=\"_blank\">Druga edycja &#8220;Trasy Czerwonej Nitki&#8221; &#8211; Szczecin 2017 [RELACJA, ZDJ\u0118CIA]<\/a><\/li>\n<li><a title=\"kliknij, by przej\u015b\u0107 do artyku\u0142u\" href=\"http:\/\/krzys.zielonka.pl\/?p=1844\" target=\"_blank\">Czerwona Nitka ruszy\u0142a w tras\u0119 &#8211; Warszawa 2016\u00a0 [RELACJA ZDJ\u0118CIA]<\/a><\/li>\n<\/ul>\n<p style=\"text-align: justify;\" lang=\"zxx\">Za to tradycyjnie nie mog\u0142o zabrakn\u0105\u0107 muzycznego akcentu. A nawet dw\u00f3ch \u2013 gwiazd\u0105 wieczoru by\u0142a Anita Lipnicka, a wcze\u015bniej wyst\u0105pi\u0142a Magda Femme: by\u0142a wokalistka zespo\u0142u &#8220;Ich Troje&#8221;.<\/p>\n<p style=\"text-align: justify;\" lang=\"zxx\">ngg_shortcode_0_placeholder<\/p>\n<p style=\"text-align: justify;\" lang=\"zxx\">Na ty\u0142ach sceny by\u0142a &#8220;strefa rozrywki&#8221;, w kt\u00f3rej ka\u017cdy m\u00f3g\u0142 znale\u017a\u0107 co\u015b dla siebie. Dla najm\u0142odszych by\u0142y zabawy z klaunami i animatorami po\u0142\u0105czone z m.in. Malowanie twarzy. Nieco starci mieli sektor motoryzacyjny \u2013 symulator dachowania czy zderzenia, a tak\u017ce mogli usi\u0105\u015b\u0107 za kierownic\u0105 pojazdu bojowego wykorzystywanego na misjach wojskowych. Do tego by\u0142 tor przeszk\u00f3d z alkogoglami.<\/p>\n<p style=\"text-align: justify;\" lang=\"zxx\">\u017b\u0105dni wi\u0119kszych wra\u017ce\u0144 mogli przej\u015b\u0107 si\u0119 wok\u00f3\u0142 wzg\u00f3rza, albo wspi\u0105\u0107 si\u0119 na jego szczyt. Widok panoramy miasta i okolic ze szczytu Kadzielni (ok. 300 m n.p.m) \u2013 bezcenny.<\/p>\n<p style=\"text-align: justify;\" lang=\"zxx\">ngg_shortcode_1_placeholder<\/p>\n<p style=\"text-align: justify;\" lang=\"zxx\">Czwarta edycja Trasy Czerwonej Nitki ju\u017c za rok, Ju\u017c teraz mo\u017cna g\u0142osowa\u0107 <a title=\"Kliknij, by przej\u015b\u0107 na stron\u0119\" href=\"http:\/\/twojakrew.pl\/eventy\/app\/#\/ranking-miast\" target=\"_blank\">TUTAJ<\/a> lub <a title=\"Kliknij, by przej\u015b\u0107 na stron\u0119\" href=\"http:\/\/twojakrew.pl\/eventy\/app\/#\/\" target=\"_blank\">W TYM MIEJSCU<\/a>. O organizacj\u0119 walcz\u0105 nast\u0119puj\u0105ce pary miast: Rzesz\u00f3w z Olsztynem, Opole z Wa\u0142brzychem, Kalisz z Zielon\u0105 G\u00f3r\u0105, oraz S\u0142upsk z Raciborzem.<\/p>\n","protected":false},"excerpt":{"rendered":"<p>Po Warszawie i Szczecinie gospodarzem trzeciej edycji Trasy Czerwonej Nitki by\u0142y Kielce. Amfiteatr Kadzielnia po\u0142o\u017cony w malowniczej okolicy wzg\u00f3rza powsta\u0142ego z wapieni w po\u0142udniowo-zachodniej cz\u0119\u015bci miasta zgromadzi\u0142 spor\u0105 grup\u0119 krwiodawc\u00f3w z ca\u0142ej Polski. Celem kampanii w ramach akcji &#8220;Twoja krew, moje \u017cycie&#8221; jest promocja idei krwiodawstwa oraz zach\u0119canie ludzi do \u2026 <a class=\"continue-reading-link\" href=\"https:\/\/krzys.zielonka.pl\/?p=2488\"> Continue reading <span class=\"meta-nav\">&rarr; <\/span><\/a><\/p>\n","protected":false},"author":2,"featured_media":0,"comment_status":"closed","ping_status":"closed","sticky":false,"template":"","format":"standard","meta":{"ngg_post_thumbnail":0,"footnotes":""},"categories":[1],"tags":[],"class_list":["post-2488","post","type-post","status-publish","format-standard","hentry","category-bez-kategorii"],"_links":{"self":[{"href":"https:\/\/krzys.zielonka.pl\/index.php?rest_route=\/wp\/v2\/posts\/2488","targetHints":{"allow":["GET"]}}],"collection":[{"href":"https:\/\/krzys.zielonka.pl\/index.php?rest_route=\/wp\/v2\/posts"}],"about":[{"href":"https:\/\/krzys.zielonka.pl\/index.php?rest_route=\/wp\/v2\/types\/post"}],"author":[{"embeddable":true,"href":"https:\/\/krzys.zielonka.pl\/index.php?rest_route=\/wp\/v2\/users\/2"}],"replies":[{"embeddable":true,"href":"https:\/\/krzys.zielonka.pl\/index.php?rest_route=%2Fwp%2Fv2%2Fcomments&post=2488"}],"version-history":[{"count":9,"href":"https:\/\/krzys.zielonka.pl\/index.php?rest_route=\/wp\/v2\/posts\/2488\/revisions"}],"predecessor-version":[{"id":2490,"href":"https:\/\/krzys.zielonka.pl\/index.php?rest_route=\/wp\/v2\/posts\/2488\/revisions\/2490"}],"wp:attachment":[{"href":"https:\/\/krzys.zielonka.pl\/index.php?rest_route=%2Fwp%2Fv2%2Fmedia&parent=2488"}],"wp:term":[{"taxonomy":"category","embeddable":true,"href":"https:\/\/krzys.zielonka.pl\/index.php?rest_route=%2Fwp%2Fv2%2Fcategories&post=2488"},{"taxonomy":"post_tag","embeddable":true,"href":"https:\/\/krzys.zielonka.pl\/index.php?rest_route=%2Fwp%2Fv2%2Ftags&post=2488"}],"curies":[{"name":"wp","href":"https:\/\/api.w.org\/{rel}","templated":true}]}}