{"id":2690,"date":"2019-08-31T11:34:21","date_gmt":"2019-08-31T09:34:21","guid":{"rendered":"http:\/\/krzys.zielonka.pl\/?p=2690"},"modified":"2019-08-31T11:35:56","modified_gmt":"2019-08-31T09:35:56","slug":"czas-na-odswiezenie-fanpagea-krzysia","status":"publish","type":"post","link":"https:\/\/krzys.zielonka.pl\/?p=2690","title":{"rendered":"Czas na od\u015bwie\u017cenie fanpage&#8217;a &#8220;Krzysia&#8221;"},"content":{"rendered":"<p><a href=\"http:\/\/krzys.zielonka.pl\/wp-content\/uploads\/wordpress\/received_844066662661122.png\"><img loading=\"lazy\" decoding=\"async\" class=\"alignleft size-thumbnail wp-image-2691\" title=\"Nowe logo KHDK &quot;Krzy\u015b&quot;\" src=\"http:\/\/krzys.zielonka.pl\/wp-content\/uploads\/wordpress\/received_844066662661122-150x150.png\" alt=\"\" width=\"150\" height=\"150\" \/><\/a><\/p>\n<p style=\"margin: 0px 0px 6px; font-family: Helvetica, Arial, sans-serif; color: #1c1e21; font-size: 14px; background-color: #ffffff; text-align: justify;\">Drogie Siostry i Drodzy Bracia krwi,<br \/>\nwraz z nowym logo zamierzamy (w ko\u0144cu) zmieni\u0107 zdj\u0119cie w tle na fanpage&#8217;u &#8220;Krzysia&#8221;. Czy macie zdj\u0119cia, kt\u00f3re chcieliby\u015bcie umie\u015bci\u0107 w kola\u017cu?<br \/>\nZ przes\u0142anych przez Was propozycji (<strong>wy\u0142\u0105cznie pod postem na FB)\u00a0<\/strong>zag\u0142osujcie na, Waszym zdaniem, najlepsze. Ustalmy jedn\u0105 zasad\u0119, \u017ce nie g\u0142osujemy na swoje zdj\u0119cia<\/p>\n<p style=\"margin: 0px 0px 6px; font-family: Helvetica, Arial, sans-serif; color: #1c1e21; font-size: 14px; background-color: #ffffff; text-align: justify;\">\n<p>Zdj\u0119cia dodajemy i g\u0142osujemy TUTAJ: <iframe loading=\"lazy\" src=\"https:\/\/www.facebook.com\/plugins\/post.php?href=https%3A%2F%2Fwww.facebook.com%2Fpermalink.php%3Fstory_fbid%3D2415471342065094%26id%3D1406585656287006&#038;width=500\" width=\"500\" height=\"824\" style=\"border:none;overflow:hidden\" scrolling=\"no\" frameborder=\"0\" allowTransparency=\"true\" allow=\"encrypted-media\"><\/iframe><\/p>\n","protected":false},"excerpt":{"rendered":"<p>Drogie Siostry i Drodzy Bracia krwi, wraz z nowym logo zamierzamy (w ko\u0144cu) zmieni\u0107 zdj\u0119cie w tle na fanpage&#8217;u &#8220;Krzysia&#8221;. Czy macie zdj\u0119cia, kt\u00f3re chcieliby\u015bcie umie\u015bci\u0107 w kola\u017cu? Z przes\u0142anych przez Was propozycji (wy\u0142\u0105cznie pod postem na FB)\u00a0zag\u0142osujcie na, Waszym zdaniem, najlepsze. Ustalmy jedn\u0105 zasad\u0119, \u017ce nie g\u0142osujemy na swoje \u2026 <a class=\"continue-reading-link\" href=\"https:\/\/krzys.zielonka.pl\/?p=2690\"> Continue reading <span class=\"meta-nav\">&rarr; <\/span><\/a><\/p>\n","protected":false},"author":2,"featured_media":0,"comment_status":"closed","ping_status":"closed","sticky":false,"template":"","format":"standard","meta":{"ngg_post_thumbnail":0,"footnotes":""},"categories":[1],"tags":[],"class_list":["post-2690","post","type-post","status-publish","format-standard","hentry","category-bez-kategorii"],"_links":{"self":[{"href":"https:\/\/krzys.zielonka.pl\/index.php?rest_route=\/wp\/v2\/posts\/2690","targetHints":{"allow":["GET"]}}],"collection":[{"href":"https:\/\/krzys.zielonka.pl\/index.php?rest_route=\/wp\/v2\/posts"}],"about":[{"href":"https:\/\/krzys.zielonka.pl\/index.php?rest_route=\/wp\/v2\/types\/post"}],"author":[{"embeddable":true,"href":"https:\/\/krzys.zielonka.pl\/index.php?rest_route=\/wp\/v2\/users\/2"}],"replies":[{"embeddable":true,"href":"https:\/\/krzys.zielonka.pl\/index.php?rest_route=%2Fwp%2Fv2%2Fcomments&post=2690"}],"version-history":[{"count":3,"href":"https:\/\/krzys.zielonka.pl\/index.php?rest_route=\/wp\/v2\/posts\/2690\/revisions"}],"predecessor-version":[{"id":2693,"href":"https:\/\/krzys.zielonka.pl\/index.php?rest_route=\/wp\/v2\/posts\/2690\/revisions\/2693"}],"wp:attachment":[{"href":"https:\/\/krzys.zielonka.pl\/index.php?rest_route=%2Fwp%2Fv2%2Fmedia&parent=2690"}],"wp:term":[{"taxonomy":"category","embeddable":true,"href":"https:\/\/krzys.zielonka.pl\/index.php?rest_route=%2Fwp%2Fv2%2Fcategories&post=2690"},{"taxonomy":"post_tag","embeddable":true,"href":"https:\/\/krzys.zielonka.pl\/index.php?rest_route=%2Fwp%2Fv2%2Ftags&post=2690"}],"curies":[{"name":"wp","href":"https:\/\/api.w.org\/{rel}","templated":true}]}}