{"id":2737,"date":"2019-10-23T13:57:21","date_gmt":"2019-10-23T11:57:21","guid":{"rendered":"http:\/\/krzys.zielonka.pl\/?p=2737"},"modified":"2019-10-23T14:07:37","modified_gmt":"2019-10-23T12:07:37","slug":"w-przyszlym-roku-osiemnastka-krzysia","status":"publish","type":"post","link":"https:\/\/krzys.zielonka.pl\/?p=2737","title":{"rendered":"W przysz\u0142ym roku \u201eosiemnastka\u201d \u201eKrzysia\u201d!"},"content":{"rendered":"<p style=\"text-align: justify;\"><a href=\"http:\/\/krzys.zielonka.pl\/wp-content\/uploads\/wordpress\/received_844066662661122.png\"><img loading=\"lazy\" decoding=\"async\" class=\"alignleft size-thumbnail wp-image-2691\" title=\"Nowe logo KHDK &quot;Krzy\u015b&quot;\" src=\"http:\/\/krzys.zielonka.pl\/wp-content\/uploads\/wordpress\/received_844066662661122-150x150.png\" alt=\"\" width=\"150\" height=\"150\" \/><\/a>Jeszcze zanim zako\u0144czymy ten rok sz\u00f3st\u0105 akcj\u0105 honorowego krwiodawstwa w Zielonce, to powoli wybiegamy w nachodz\u0105cy, kt\u00f3ry b\u0119dzie wyj\u0105tkowy dla naszego Klubu i Krwiodawc\u00f3w. <strong>W przysz\u0142ym roku Klub Honorowych Dawc\u00f3w Krwi \u201eKrzy\u015b\u201d b\u0119dzie obchodzi\u0142 swoje 18. urodziny!<\/strong><\/p>\n<p style=\"text-align: justify;\">\u00a0Z tej okazji zwracamy si\u0119 do Was \u2013 jakie macie pomys\u0142y i w czym mogliby\u015bcie pom\u00f3c, by na koniec przysz\u0142ego roku u\u015bwietni\u0107 \u201epe\u0142noletnio\u015b\u0107\u201d \u201eKrzysia\u201d? Jakie dzia\u0142ania dodaliby\u015bcie podczas trwaj\u0105cych akcji?<\/p>\n<p style=\"text-align: justify;\">Piszcie swoje pomys\u0142y i propozycje poni\u017cej. Liczymy na Wasz\u0105 kreatywno\u015b\u0107 i zaanga\u017cowanie.<\/p>\n","protected":false},"excerpt":{"rendered":"<p>Jeszcze zanim zako\u0144czymy ten rok sz\u00f3st\u0105 akcj\u0105 honorowego krwiodawstwa w Zielonce, to powoli wybiegamy w nachodz\u0105cy, kt\u00f3ry b\u0119dzie wyj\u0105tkowy dla naszego Klubu i Krwiodawc\u00f3w. W przysz\u0142ym roku Klub Honorowych Dawc\u00f3w Krwi \u201eKrzy\u015b\u201d b\u0119dzie obchodzi\u0142 swoje 18. urodziny! \u00a0Z tej okazji zwracamy si\u0119 do Was \u2013 jakie macie pomys\u0142y i w \u2026 <a class=\"continue-reading-link\" href=\"https:\/\/krzys.zielonka.pl\/?p=2737\"> Continue reading <span class=\"meta-nav\">&rarr; <\/span><\/a><\/p>\n","protected":false},"author":2,"featured_media":0,"comment_status":"closed","ping_status":"closed","sticky":false,"template":"","format":"standard","meta":{"ngg_post_thumbnail":0,"footnotes":""},"categories":[1],"tags":[],"class_list":["post-2737","post","type-post","status-publish","format-standard","hentry","category-bez-kategorii"],"_links":{"self":[{"href":"https:\/\/krzys.zielonka.pl\/index.php?rest_route=\/wp\/v2\/posts\/2737","targetHints":{"allow":["GET"]}}],"collection":[{"href":"https:\/\/krzys.zielonka.pl\/index.php?rest_route=\/wp\/v2\/posts"}],"about":[{"href":"https:\/\/krzys.zielonka.pl\/index.php?rest_route=\/wp\/v2\/types\/post"}],"author":[{"embeddable":true,"href":"https:\/\/krzys.zielonka.pl\/index.php?rest_route=\/wp\/v2\/users\/2"}],"replies":[{"embeddable":true,"href":"https:\/\/krzys.zielonka.pl\/index.php?rest_route=%2Fwp%2Fv2%2Fcomments&post=2737"}],"version-history":[{"count":2,"href":"https:\/\/krzys.zielonka.pl\/index.php?rest_route=\/wp\/v2\/posts\/2737\/revisions"}],"predecessor-version":[{"id":2739,"href":"https:\/\/krzys.zielonka.pl\/index.php?rest_route=\/wp\/v2\/posts\/2737\/revisions\/2739"}],"wp:attachment":[{"href":"https:\/\/krzys.zielonka.pl\/index.php?rest_route=%2Fwp%2Fv2%2Fmedia&parent=2737"}],"wp:term":[{"taxonomy":"category","embeddable":true,"href":"https:\/\/krzys.zielonka.pl\/index.php?rest_route=%2Fwp%2Fv2%2Fcategories&post=2737"},{"taxonomy":"post_tag","embeddable":true,"href":"https:\/\/krzys.zielonka.pl\/index.php?rest_route=%2Fwp%2Fv2%2Ftags&post=2737"}],"curies":[{"name":"wp","href":"https:\/\/api.w.org\/{rel}","templated":true}]}}