{"id":2846,"date":"2020-08-23T14:56:18","date_gmt":"2020-08-23T12:56:18","guid":{"rendered":"http:\/\/krzys.zielonka.pl\/?p=2846"},"modified":"2020-08-23T15:04:41","modified_gmt":"2020-08-23T13:04:41","slug":"sierpniowe-oczko-z-bonusem","status":"publish","type":"post","link":"https:\/\/krzys.zielonka.pl\/?p=2846","title":{"rendered":"Sierpniowe &#8220;oczko&#8221; (z bonusem)"},"content":{"rendered":"<p style=\"text-align: justify;\" align=\"justify\"><span style=\"color: #4b4b4b;\"><span style=\"font-family: Verdana, Geneva, sans-serif;\"><span><a href=\"wp-content\/uploads\/wordpress\/received_844066662661122.png\"><img loading=\"lazy\" decoding=\"async\" class=\"alignleft size-thumbnail wp-image-2691\" title=\"Nowe logo KHDK &quot;Krzy\u015b&quot;\" src=\"wp-content\/uploads\/wordpress\/received_844066662661122-150x150.png\" alt=\"\" width=\"150\" height=\"150\" \/><\/a>Pewne rzeczy nie zmieniaj\u0105 si\u0119. Niezale\u017cnie od pogody, czy \u2013 tak jak teraz \u2013 w czasie pandemii, na Krwiodawc\u00f3w w Zielonce zawsze mo\u017cna liczy\u0107. Za nami przedostatnia w tym roku akcja honorowego oddawania krwi w naszym Mie\u015bcie. Dzi\u0119kujemy wszystkim, kt\u00f3rzy nie byli oboj\u0119tni na apeli i w trwaj\u0105cym okresie urlopowo-wakacyjnym byli gotowi bezinteresownie podzieli\u0107 si\u0119 cz\u0105stk\u0105 siebie.<\/span><\/span><\/span><\/p>\n<p style=\"text-align: justify;\"><strong><span style=\"color: #4b4b4b;\"><span style=\"font-family: Verdana, Geneva, sans-serif;\"><span>Z zarejestrowanych a\u017c 58 os\u00f3b krew odda\u0142o 47. \u0141\u0105cznie pobrano 21,15 litra bezcennego leku ratuj\u0105cego \u017cycie. Warto odnotowa\u0107, \u017ce w\u015br\u00f3d dawc\u00f3w by\u0142o kilkoro debiutant\u00f3w. Mamy nadziej\u0119, \u017ce b\u0119d\u0105 regularnie przychodzili na nasze akcje.\u00a0<\/span><\/span><\/span><\/strong><\/p>\n<p style=\"text-align: justify;\" align=\"justify\"><span style=\"color: #4b4b4b;\"><span style=\"font-family: Verdana, Geneva, sans-serif;\"><span>Najbli\u017csza zbi\u00f3rka krwi odb\u0119dzie si\u0119 25 pa\u017adziernika, r\u00f3wnie\u017c w ambulansie przed Urz\u0119dem Miasta w Zielonce (ul. Lipowa 5).<\/span><\/span><\/span><\/p>\n<p style=\"text-align: justify;\" align=\"justify\"><span style=\"color: #4b4b4b;\"><span style=\"font-family: Verdana, Geneva, sans-serif;\"><span>Jeszcze raz dzi\u0119kujemy wszystkim, kt\u00f3rzy przychodz\u0105 na nasze akcje. To Wy tworzycie ten Klub i jego histori\u0119.<\/span><\/span><\/span><\/p>\n<p style=\"text-align: justify;\" align=\"justify\"><span style=\"font-family: Verdana, Geneva, sans-serif; color: #4b4b4b;\">Uchylaj\u0105c r\u0105bka tajemnicy \u2013 podczas pa\u017adziernikowej akcji Krwiodawcy dostan\u0105 klubowy gad\u017cet \ud83d\ude09<\/span><\/p>\n<p align=\"justify\"><a href=\"wp-content\/uploads\/wordpress\/23-08-2020-krzy\u015b-zielonka.jpg\"><img loading=\"lazy\" decoding=\"async\" class=\"aligncenter size-large wp-image-2847\" title=\"23-08-2020 krzy\u015b zielonka\" src=\"wp-content\/uploads\/wordpress\/23-08-2020-krzy\u015b-zielonka-1024x576.jpg\" alt=\"\" width=\"1024\" height=\"576\" srcset=\"wp-content\/uploads\/wordpress\/23-08-2020-krzy\u015b-zielonka-1024x576.jpg 1024w, wp-content\/uploads\/wordpress\/23-08-2020-krzy\u015b-zielonka-300x168.jpg 300w\" sizes=\"auto, (max-width: 1024px) 100vw, 1024px\" \/><\/a><\/p>\n","protected":false},"excerpt":{"rendered":"<p>Pewne rzeczy nie zmieniaj\u0105 si\u0119. Niezale\u017cnie od pogody, czy \u2013 tak jak teraz \u2013 w czasie pandemii, na Krwiodawc\u00f3w w Zielonce zawsze mo\u017cna liczy\u0107. Za nami przedostatnia w tym roku akcja honorowego oddawania krwi w naszym Mie\u015bcie. Dzi\u0119kujemy wszystkim, kt\u00f3rzy nie byli oboj\u0119tni na apeli i w trwaj\u0105cym okresie urlopowo-wakacyjnym \u2026 <a class=\"continue-reading-link\" href=\"https:\/\/krzys.zielonka.pl\/?p=2846\"> Continue reading <span class=\"meta-nav\">&rarr; <\/span><\/a><\/p>\n","protected":false},"author":2,"featured_media":0,"comment_status":"closed","ping_status":"closed","sticky":false,"template":"","format":"standard","meta":{"ngg_post_thumbnail":0,"footnotes":""},"categories":[1],"tags":[],"class_list":["post-2846","post","type-post","status-publish","format-standard","hentry","category-bez-kategorii"],"_links":{"self":[{"href":"https:\/\/krzys.zielonka.pl\/index.php?rest_route=\/wp\/v2\/posts\/2846","targetHints":{"allow":["GET"]}}],"collection":[{"href":"https:\/\/krzys.zielonka.pl\/index.php?rest_route=\/wp\/v2\/posts"}],"about":[{"href":"https:\/\/krzys.zielonka.pl\/index.php?rest_route=\/wp\/v2\/types\/post"}],"author":[{"embeddable":true,"href":"https:\/\/krzys.zielonka.pl\/index.php?rest_route=\/wp\/v2\/users\/2"}],"replies":[{"embeddable":true,"href":"https:\/\/krzys.zielonka.pl\/index.php?rest_route=%2Fwp%2Fv2%2Fcomments&post=2846"}],"version-history":[{"count":4,"href":"https:\/\/krzys.zielonka.pl\/index.php?rest_route=\/wp\/v2\/posts\/2846\/revisions"}],"predecessor-version":[{"id":2849,"href":"https:\/\/krzys.zielonka.pl\/index.php?rest_route=\/wp\/v2\/posts\/2846\/revisions\/2849"}],"wp:attachment":[{"href":"https:\/\/krzys.zielonka.pl\/index.php?rest_route=%2Fwp%2Fv2%2Fmedia&parent=2846"}],"wp:term":[{"taxonomy":"category","embeddable":true,"href":"https:\/\/krzys.zielonka.pl\/index.php?rest_route=%2Fwp%2Fv2%2Fcategories&post=2846"},{"taxonomy":"post_tag","embeddable":true,"href":"https:\/\/krzys.zielonka.pl\/index.php?rest_route=%2Fwp%2Fv2%2Ftags&post=2846"}],"curies":[{"name":"wp","href":"https:\/\/api.w.org\/{rel}","templated":true}]}}