{"id":3828,"date":"2024-09-29T14:11:36","date_gmt":"2024-09-29T12:11:36","guid":{"rendered":"https:\/\/krzys.zielonka.pl\/?p=3828"},"modified":"2024-12-02T11:52:37","modified_gmt":"2024-12-02T10:52:37","slug":"144-litra-na-poczatek-jesieni-podsumowanie","status":"publish","type":"post","link":"https:\/\/krzys.zielonka.pl\/?p=3828","title":{"rendered":"14,4 litra na pocz\u0105tek jesieni [PODSUMOWANIE]"},"content":{"rendered":"<p><strong><a href=\"wp-content\/uploads\/wordpress\/received_844066662661122.png\"><img loading=\"lazy\" decoding=\"async\" class=\"alignleft size-thumbnail wp-image-2691\" title=\"Nowe logo KHDK &quot;Krzy\u015b&quot;\" src=\"wp-content\/uploads\/wordpress\/received_844066662661122-150x150.png\" alt=\"\" width=\"150\" height=\"150\"><\/a><\/strong><\/p>\n<p><strong>Podsumowanie akcji krwiodawstwa, Zielonka 29 wrze\u015bnia<\/strong>&nbsp;<br \/>\nZa nami przedostatnia w tym roku akcja krwiodawstwa organizowana we wsp\u00f3\u0142pracy<br \/>\nz Regionalnym Centrum Krwiodawstwa i Krwiolecznictwa w Warszawie. Zawita\u0142 do nas nowy ambulans, kt\u00f3ry zrobi\u0142 wra\u017cenie \ud83d\ude09<br \/>\nPoranek nie zach\u0119ca\u0142 za bardzo do wyj\u015bcia z domu, ale z dum\u0105 mo\u017cemy napisa\u0107, \u017ce <strong>zg\u0142osi\u0142o si\u0119 46 os\u00f3b<\/strong>. <strong>Krew odda\u0142y 32 &#8211; \u0142\u0105cznie pobrano 14,45 litra krwi,<br \/>\na sumuj\u0105c dotychczasowe pi\u0119\u0107 akcji: 90 litr\u00f3w<\/strong>.<br \/>\n<span style=\"color: #ff0000;\"><strong>WIELKIE BRAWA I BARDZO DZI\u0118KUJEMY!<\/strong><\/span><\/p>\n<p>Cieszy nas fakt, \u017ce pojawiaj\u0105 si\u0119 nowe twarze, a niekt\u00f3rzy wracaj\u0105 do czynnego udzia\u0142u w akcjach po d\u0142u\u017cszej przerwie.&nbsp;Ostatnia akcja zaplanowana jest na <strong>1 grudnia<\/strong>. Szczeg\u00f3\u0142y pojawi\u0105 si\u0119 wkr\u00f3tce.&nbsp;<br \/>\n<!--more--><\/p>\n<p><iframe loading=\"lazy\" style=\"border: none; overflow: hidden;\" src=\"https:\/\/www.facebook.com\/plugins\/post.php?href=https%3A%2F%2Fwww.facebook.com%2Fpermalink.php%3Fstory_fbid%3Dpfbid0ysaaKfV4NeJe4usFrr2PqQ8WYzhkoocKmecRefkoucAJzFzhbephm5GxZf1rhHKLl%26id%3D100083368719628&amp;show_text=true&amp;width=500\" width=\"500\" height=\"250\" frameborder=\"0\" scrolling=\"no\" allowfullscreen=\"allowfullscreen\"><\/iframe>&nbsp;<\/p>\n<p>#oddawaniekrwi #donatorkrwi #zapiszsiewkrwi #ratujzycie #dawkakrwi #oddajkrew<br \/>\n#krwiodawca #jednadawka #pomozinnym #krwiodawstwo #zachowajzycie<br \/>\n#darujzycie #dawca\u017cycia #dobroczynno\u015b\u0107 #dajnadzieje #donacja #krew<br \/>\n#oddawajkrew #uratujzdrowie #ratujinnego #oddawajsluzebnie #zdrowieludzi #pomoc #pomaganie #ratujzazycie<br \/>\n#oddajeidaje #oddajzdrowie<\/p>\n","protected":false},"excerpt":{"rendered":"<p>Podsumowanie akcji krwiodawstwa, Zielonka 29 wrze\u015bnia&nbsp; Za nami przedostatnia w tym roku akcja krwiodawstwa organizowana we wsp\u00f3\u0142pracy z Regionalnym Centrum Krwiodawstwa i Krwiolecznictwa w Warszawie. Zawita\u0142 do nas nowy ambulans, kt\u00f3ry zrobi\u0142 wra\u017cenie \ud83d\ude09 Poranek nie zach\u0119ca\u0142 za bardzo do wyj\u015bcia z domu, ale z dum\u0105 mo\u017cemy napisa\u0107, \u017ce zg\u0142osi\u0142o \u2026 <a class=\"continue-reading-link\" href=\"https:\/\/krzys.zielonka.pl\/?p=3828\"> Continue reading <span class=\"meta-nav\">&rarr; <\/span><\/a><\/p>\n","protected":false},"author":2,"featured_media":0,"comment_status":"closed","ping_status":"closed","sticky":false,"template":"","format":"standard","meta":{"ngg_post_thumbnail":0,"footnotes":""},"categories":[1],"tags":[],"class_list":["post-3828","post","type-post","status-publish","format-standard","hentry","category-bez-kategorii"],"_links":{"self":[{"href":"https:\/\/krzys.zielonka.pl\/index.php?rest_route=\/wp\/v2\/posts\/3828","targetHints":{"allow":["GET"]}}],"collection":[{"href":"https:\/\/krzys.zielonka.pl\/index.php?rest_route=\/wp\/v2\/posts"}],"about":[{"href":"https:\/\/krzys.zielonka.pl\/index.php?rest_route=\/wp\/v2\/types\/post"}],"author":[{"embeddable":true,"href":"https:\/\/krzys.zielonka.pl\/index.php?rest_route=\/wp\/v2\/users\/2"}],"replies":[{"embeddable":true,"href":"https:\/\/krzys.zielonka.pl\/index.php?rest_route=%2Fwp%2Fv2%2Fcomments&post=3828"}],"version-history":[{"count":6,"href":"https:\/\/krzys.zielonka.pl\/index.php?rest_route=\/wp\/v2\/posts\/3828\/revisions"}],"predecessor-version":[{"id":3867,"href":"https:\/\/krzys.zielonka.pl\/index.php?rest_route=\/wp\/v2\/posts\/3828\/revisions\/3867"}],"wp:attachment":[{"href":"https:\/\/krzys.zielonka.pl\/index.php?rest_route=%2Fwp%2Fv2%2Fmedia&parent=3828"}],"wp:term":[{"taxonomy":"category","embeddable":true,"href":"https:\/\/krzys.zielonka.pl\/index.php?rest_route=%2Fwp%2Fv2%2Fcategories&post=3828"},{"taxonomy":"post_tag","embeddable":true,"href":"https:\/\/krzys.zielonka.pl\/index.php?rest_route=%2Fwp%2Fv2%2Ftags&post=3828"}],"curies":[{"name":"wp","href":"https:\/\/api.w.org\/{rel}","templated":true}]}}