{"id":861,"date":"2013-03-18T13:38:08","date_gmt":"2013-03-18T12:38:08","guid":{"rendered":"http:\/\/krzys.zielonka.pl\/?p=861"},"modified":"2013-03-18T13:38:46","modified_gmt":"2013-03-18T12:38:46","slug":"24-marca-akcja-honorowego-oddawania-krwi","status":"publish","type":"post","link":"https:\/\/krzys.zielonka.pl\/?p=861","title":{"rendered":"24 marca: akcja honorowego oddawania krwi!"},"content":{"rendered":"<p style=\"text-align: justify;\"><img loading=\"lazy\" decoding=\"async\" class=\"alignleft size-full wp-image-841\" title=\"khdk\" src=\"http:\/\/krzys.zielonka.pl\/wp-content\/uploads\/2013\/02\/khdk.jpg\" alt=\"\" width=\"115\" height=\"80\" \/>Serdecznie zapraszamy wszystkich do czynnego udzia\u0142u w drugiej tegorocznej akcji honorowego oddawania krwi, kt\u00f3ra b\u0119dzie mia\u0142a miejsce w niedziel\u0119 24 marca br. w godz. 10.00 \u2013 14.00 (rejestracja dawc\u00f3w do godz. 13.30) w go\u015bcinnych murach Miejskiego Gimnazjum im. Stefana Kardyna\u0142a Wyszy\u0144skiego w Zielonce (ul. \u0141ukasi\u0144skiego 1\/3).<\/p>\n<p>Nale\u017cy pami\u0119ta\u0107 o zabraniu ze sob\u0105 dokumentu to\u017csamo\u015bci ze zdj\u0119ciem, numerem PESEL oraz adresem zamieszkania, a tak\u017ce o spo\u017cyciu lekkostrawnego posi\u0142ku.<br \/>\n<!--more--><strong>Zebrania otwarte KHDK &#8220;Krzy\u015b&#8221;<\/strong><br \/>\nKierownictwo Klubu zaprasza r\u00f3wnie\u017c na na comiesi\u0119czne spotkania otwarte Klubu Honorowych Dawc\u00f3w Krwi \u201eKrzy\u015b\u201d. Spotkania odbywaj\u0105 si\u0119 w Miejskim Gimnazjum im. Stefana Kardyna\u0142a Wyszy\u0144skiego: w kwietniu, czerwcu, lipcu, sierpniu, wrze\u015bniu i grudniu w pierwszy pi\u0105tek miesi\u0105ca. Natomiast w maju i listopadzie w drugi piatek miesiaca w sali nr 2 o godz. 19.00. Szczeg\u00f3ly <a title=\"kliknij by zobaczy\u0107 terminarz spotka\u0144\" href=\"http:\/\/krzys.zielonka.pl\/?p=837\" target=\"_blank\">tutaj<\/a>.<\/p>\n","protected":false},"excerpt":{"rendered":"<p>Serdecznie zapraszamy wszystkich do czynnego udzia\u0142u w drugiej tegorocznej akcji honorowego oddawania krwi, kt\u00f3ra b\u0119dzie mia\u0142a miejsce w niedziel\u0119 24 marca br. w godz. 10.00 \u2013 14.00 (rejestracja dawc\u00f3w do godz. 13.30) w go\u015bcinnych murach Miejskiego Gimnazjum im. Stefana Kardyna\u0142a Wyszy\u0144skiego w Zielonce (ul. \u0141ukasi\u0144skiego 1\/3). Nale\u017cy pami\u0119ta\u0107 o zabraniu \u2026 <a class=\"continue-reading-link\" href=\"https:\/\/krzys.zielonka.pl\/?p=861\"> Continue reading <span class=\"meta-nav\">&rarr; <\/span><\/a><\/p>\n","protected":false},"author":2,"featured_media":0,"comment_status":"closed","ping_status":"closed","sticky":false,"template":"","format":"standard","meta":{"ngg_post_thumbnail":0,"footnotes":""},"categories":[1],"tags":[],"class_list":["post-861","post","type-post","status-publish","format-standard","hentry","category-bez-kategorii"],"_links":{"self":[{"href":"https:\/\/krzys.zielonka.pl\/index.php?rest_route=\/wp\/v2\/posts\/861","targetHints":{"allow":["GET"]}}],"collection":[{"href":"https:\/\/krzys.zielonka.pl\/index.php?rest_route=\/wp\/v2\/posts"}],"about":[{"href":"https:\/\/krzys.zielonka.pl\/index.php?rest_route=\/wp\/v2\/types\/post"}],"author":[{"embeddable":true,"href":"https:\/\/krzys.zielonka.pl\/index.php?rest_route=\/wp\/v2\/users\/2"}],"replies":[{"embeddable":true,"href":"https:\/\/krzys.zielonka.pl\/index.php?rest_route=%2Fwp%2Fv2%2Fcomments&post=861"}],"version-history":[{"count":3,"href":"https:\/\/krzys.zielonka.pl\/index.php?rest_route=\/wp\/v2\/posts\/861\/revisions"}],"predecessor-version":[{"id":864,"href":"https:\/\/krzys.zielonka.pl\/index.php?rest_route=\/wp\/v2\/posts\/861\/revisions\/864"}],"wp:attachment":[{"href":"https:\/\/krzys.zielonka.pl\/index.php?rest_route=%2Fwp%2Fv2%2Fmedia&parent=861"}],"wp:term":[{"taxonomy":"category","embeddable":true,"href":"https:\/\/krzys.zielonka.pl\/index.php?rest_route=%2Fwp%2Fv2%2Fcategories&post=861"},{"taxonomy":"post_tag","embeddable":true,"href":"https:\/\/krzys.zielonka.pl\/index.php?rest_route=%2Fwp%2Fv2%2Ftags&post=861"}],"curies":[{"name":"wp","href":"https:\/\/api.w.org\/{rel}","templated":true}]}}